{"id":119803,"date":"2019-09-24T14:19:19","date_gmt":"2019-09-24T17:19:19","guid":{"rendered":"http:\/\/www.caririemacao.com\/1\/?p=119803"},"modified":"2019-09-24T14:19:19","modified_gmt":"2019-09-24T17:19:19","slug":"assista-paraiba-podera-exportar-caprinos-e-ovinos-para-outros-paises-diz-governador","status":"publish","type":"post","link":"https:\/\/www.caririemacao.com\/1\/2019\/09\/24\/assista-paraiba-podera-exportar-caprinos-e-ovinos-para-outros-paises-diz-governador\/","title":{"rendered":"Assista: Para\u00edba poder\u00e1 exportar caprinos e ovinos para outros pa\u00edses, diz governador"},"content":{"rendered":"\n<p>O governador da Para\u00edba, Jo\u00e3o Azev\u00eado, falou sobre a possibilidade da Para\u00edba, exportar caprinos e ovinos para outros pa\u00edses, a exemplo do Egito. A cogita\u00e7\u00e3o dessa possibilidade aconteceu depois de uma visita da ministra da Agricultura, Tereza Cristina, ao Egito.<\/p>\n\n\n\n<p>Jo\u00e3o ressaltou o potencial da Para\u00edba na cria\u00e7\u00e3o de caprinos e ovinos.<\/p>\n\n\n\n<p>Azev\u00eado tamb\u00e9m falou sobre a poss\u00edvel constru\u00e7\u00e3o de f\u00e1brica de leite de cabra em p\u00f3 e a constru\u00e7\u00e3o de um matadouro de caprinos em Monteiro.<\/p>\n\n\n\n<p>Veja v\u00eddeo:<\/p>\n\n\n\n<figure><iframe data-src=\"http:\/\/www.youtube.com\/embed\/J_bUmvbVim8?version=3&amp;rel=1&amp;fs=1&amp;autohide=2&amp;showsearch=0&amp;showinfo=1&amp;iv_load_policy=1&amp;wmode=transparent\" allowfullscreen=\"true\" src=\"data:image\/svg+xml;base64,PHN2ZyB3aWR0aD0iMSIgaGVpZ2h0PSIxIiB4bWxucz0iaHR0cDovL3d3dy53My5vcmcvMjAwMC9zdmciPjwvc3ZnPg==\" class=\"lazyload\" data-load-mode=\"1\"><\/iframe><\/figure>\n\n\n\n<p><strong>Blog do Bruno Lira<\/strong><\/p>\n","protected":false},"excerpt":{"rendered":"<p>O governador da Para\u00edba, Jo\u00e3o Azev\u00eado, falou sobre a possibilidade da Para\u00edba, exportar caprinos e ovinos para outros pa\u00edses, a exemplo do Egito. A cogita\u00e7\u00e3o&hellip; <\/p>\n","protected":false},"author":1,"featured_media":119805,"comment_status":"closed","ping_status":"closed","sticky":false,"template":"","format":"standard","meta":{"sfsi_plus_gutenberg_text_before_share":"","sfsi_plus_gutenberg_show_text_before_share":"","sfsi_plus_gutenberg_icon_type":"","sfsi_plus_gutenberg_icon_alignemt":"","sfsi_plus_gutenburg_max_per_row":"","footnotes":""},"categories":[50,11],"tags":[],"class_list":["post-119803","post","type-post","status-publish","format-standard","has-post-thumbnail","hentry","category-destaque","category-politica"],"_links":{"self":[{"href":"https:\/\/www.caririemacao.com\/1\/wp-json\/wp\/v2\/posts\/119803","targetHints":{"allow":["GET"]}}],"collection":[{"href":"https:\/\/www.caririemacao.com\/1\/wp-json\/wp\/v2\/posts"}],"about":[{"href":"https:\/\/www.caririemacao.com\/1\/wp-json\/wp\/v2\/types\/post"}],"author":[{"embeddable":true,"href":"https:\/\/www.caririemacao.com\/1\/wp-json\/wp\/v2\/users\/1"}],"replies":[{"embeddable":true,"href":"https:\/\/www.caririemacao.com\/1\/wp-json\/wp\/v2\/comments?post=119803"}],"version-history":[{"count":1,"href":"https:\/\/www.caririemacao.com\/1\/wp-json\/wp\/v2\/posts\/119803\/revisions"}],"predecessor-version":[{"id":119806,"href":"https:\/\/www.caririemacao.com\/1\/wp-json\/wp\/v2\/posts\/119803\/revisions\/119806"}],"wp:featuredmedia":[{"embeddable":true,"href":"https:\/\/www.caririemacao.com\/1\/wp-json\/wp\/v2\/media\/119805"}],"wp:attachment":[{"href":"https:\/\/www.caririemacao.com\/1\/wp-json\/wp\/v2\/media?parent=119803"}],"wp:term":[{"taxonomy":"category","embeddable":true,"href":"https:\/\/www.caririemacao.com\/1\/wp-json\/wp\/v2\/categories?post=119803"},{"taxonomy":"post_tag","embeddable":true,"href":"https:\/\/www.caririemacao.com\/1\/wp-json\/wp\/v2\/tags?post=119803"}],"curies":[{"name":"wp","href":"https:\/\/api.w.org\/{rel}","templated":true}]}}