{"id":119811,"date":"2019-09-24T14:21:25","date_gmt":"2019-09-24T17:21:25","guid":{"rendered":"http:\/\/www.caririemacao.com\/1\/?p=119811"},"modified":"2019-09-24T14:21:25","modified_gmt":"2019-09-24T17:21:25","slug":"vice-prefeito-de-conde-renuncia-ao-cargo","status":"publish","type":"post","link":"https:\/\/www.caririemacao.com\/1\/2019\/09\/24\/vice-prefeito-de-conde-renuncia-ao-cargo\/","title":{"rendered":"Vice-prefeito de Conde renuncia ao cargo"},"content":{"rendered":"\n<p>O vice-prefeito de Conde, Temistocles Ribeiro Filho, renunciou ao cargo na segunda-feira (23). O pedido foi entregue \u00e0 C\u00e2mara Municipal de Conde, atrav\u00e9s do vereador Adailton Cabral e lido pelo primeiro secret\u00e1rio, vereador Daniel Junior (PR).<\/p>\n\n\n\n<p>Temistocles Filho&nbsp;rompeu com a prefeita M\u00e1rcia Lucena, em 2017, e, na carta de ren\u00fancia, alegou que h\u00e1 \u201cgente estranha\u201d com \u201cadora\u00e7\u00f5es esquisitas\u201d.<\/p>\n\n\n\n<p>Com ClickPB<\/p>\n","protected":false},"excerpt":{"rendered":"<p>O vice-prefeito de Conde, Temistocles Ribeiro Filho, renunciou ao cargo na segunda-feira (23). O pedido foi entregue \u00e0 C\u00e2mara Municipal de Conde, atrav\u00e9s do vereador&hellip; <\/p>\n","protected":false},"author":1,"featured_media":119813,"comment_status":"closed","ping_status":"closed","sticky":false,"template":"","format":"standard","meta":{"sfsi_plus_gutenberg_text_before_share":"","sfsi_plus_gutenberg_show_text_before_share":"","sfsi_plus_gutenberg_icon_type":"","sfsi_plus_gutenberg_icon_alignemt":"","sfsi_plus_gutenburg_max_per_row":"","footnotes":""},"categories":[6],"tags":[],"class_list":["post-119811","post","type-post","status-publish","format-standard","has-post-thumbnail","hentry","category-cidades"],"_links":{"self":[{"href":"https:\/\/www.caririemacao.com\/1\/wp-json\/wp\/v2\/posts\/119811","targetHints":{"allow":["GET"]}}],"collection":[{"href":"https:\/\/www.caririemacao.com\/1\/wp-json\/wp\/v2\/posts"}],"about":[{"href":"https:\/\/www.caririemacao.com\/1\/wp-json\/wp\/v2\/types\/post"}],"author":[{"embeddable":true,"href":"https:\/\/www.caririemacao.com\/1\/wp-json\/wp\/v2\/users\/1"}],"replies":[{"embeddable":true,"href":"https:\/\/www.caririemacao.com\/1\/wp-json\/wp\/v2\/comments?post=119811"}],"version-history":[{"count":1,"href":"https:\/\/www.caririemacao.com\/1\/wp-json\/wp\/v2\/posts\/119811\/revisions"}],"predecessor-version":[{"id":119814,"href":"https:\/\/www.caririemacao.com\/1\/wp-json\/wp\/v2\/posts\/119811\/revisions\/119814"}],"wp:featuredmedia":[{"embeddable":true,"href":"https:\/\/www.caririemacao.com\/1\/wp-json\/wp\/v2\/media\/119813"}],"wp:attachment":[{"href":"https:\/\/www.caririemacao.com\/1\/wp-json\/wp\/v2\/media?parent=119811"}],"wp:term":[{"taxonomy":"category","embeddable":true,"href":"https:\/\/www.caririemacao.com\/1\/wp-json\/wp\/v2\/categories?post=119811"},{"taxonomy":"post_tag","embeddable":true,"href":"https:\/\/www.caririemacao.com\/1\/wp-json\/wp\/v2\/tags?post=119811"}],"curies":[{"name":"wp","href":"https:\/\/api.w.org\/{rel}","templated":true}]}}