{"id":119826,"date":"2019-09-24T14:33:29","date_gmt":"2019-09-24T17:33:29","guid":{"rendered":"http:\/\/www.caririemacao.com\/1\/?p=119826"},"modified":"2019-09-24T14:33:29","modified_gmt":"2019-09-24T17:33:29","slug":"em-discurso-agressivo-na-onu-bolsonaro-ataca-paises-ha-falacias-sobre-amazonia","status":"publish","type":"post","link":"https:\/\/www.caririemacao.com\/1\/2019\/09\/24\/em-discurso-agressivo-na-onu-bolsonaro-ataca-paises-ha-falacias-sobre-amazonia\/","title":{"rendered":"Em discurso agressivo na ONU, Bolsonaro ataca pa\u00edses: \u201cH\u00e1 fal\u00e1cias sobre Amaz\u00f4nia\u201d"},"content":{"rendered":"\n<p>O presidente Jair Bolsonaro levou ao plen\u00e1rio da ONU (Organiza\u00e7\u00e3o das Na\u00e7\u00f5es Unidas) um discurso que reproduziu o repert\u00f3rio ideol\u00f3gico de seu grupo pol\u00edtico, com ataques a outros pa\u00edses e um tom de enfrentamento em rela\u00e7\u00e3o \u00e0s cr\u00edticas sofridas por seu governo.<\/p>\n\n\n\n<p>O objetivo de Bolsonaro era marcar o que ele classifica como uma nova era para o Brasil, segundo auxiliares. Nas palavras de um deles, que participou diretamente da elabora\u00e7\u00e3o do texto, a imagem que o presidente queria imprimir era de um governo \u201crevolucion\u00e1rio\u201d.<\/p>\n\n\n\n<p>Em 32 minutos, o presidente apresentou o socialismo como um advers\u00e1rio e um risco \u00e0s na\u00e7\u00f5es, fez uma s\u00e9rie de refer\u00eancias religiosas, chegou a celebrar o golpe militar de 1964 e insistiu na ideia de que a crise da Amaz\u00f4nia \u00e9 contaminada por interesses econ\u00f4micos estrangeiros.<\/p>\n\n\n\n<p>\u201c\u00c9 uma fal\u00e1cia dizer que a Amaz\u00f4nia \u00e9 patrim\u00f4nio da humanidade e um equ\u00edvoco, como atestam os cientistas, afirmar que a ci\u00eancia \u00e9 o pulm\u00e3o do mundo. Valendo-se dessas fal\u00e1cias, um ou outro pa\u00eds, em vez de ajudar, embarcou nas mentiras da m\u00eddia e se portou de forma desrespeitosa, com esp\u00edrito colonialista. Questionaram aquilo que nos \u00e9 mais sagrado, a nossa soberania\u201d, afirmou.<\/p>\n\n\n\n<figure class=\"wp-block-image\"><img decoding=\"async\" data-src=\"https:\/\/paraibaonline.com.br\/wp-content\/uploads\/2019\/09\/BOLSONARO-NA-ONU.jpg\" alt=\"Foto: Alan Santos\/PR\" class=\"wp-image-808568 lazyload\" src=\"data:image\/svg+xml;base64,PHN2ZyB3aWR0aD0iMSIgaGVpZ2h0PSIxIiB4bWxucz0iaHR0cDovL3d3dy53My5vcmcvMjAwMC9zdmciPjwvc3ZnPg==\" \/><\/figure>\n\n\n\n<p>Foto: Alan Santos\/PR<\/p>\n\n\n\n<p>Antes da chegada a Nova York, assessores discutiam a possibilidade de fazer um pronunciamento mais moderado no campo ambiental, a fim de evitar novos choques com l\u00edderes internacionais e com a pr\u00f3pria ONU, mas o presidente decidiu seguir o caminho contr\u00e1rio.<\/p>\n\n\n\n<p>Bolsonaro ficou sob press\u00e3o principalmente depois que o presidente franc\u00eas, Emmanuel Macron, e a chanceler alem\u00e3, Angela Merkel, apontaram publicamente o risco de retrocessos na agenda do Brasil para o ambiente.<\/p>\n\n\n\n<p>Os dois l\u00edderes europeus tamb\u00e9m devem discursar na Assembleia nesta semana -o franc\u00eas ainda nesta ter\u00e7a, a alem\u00e3 no s\u00e1bado (28).<\/p>\n\n\n\n<p>O presidente respondeu diretamente \u00e0s cobran\u00e7as e mencionou o que chamou de esp\u00edrito colonialista, num tom in\u00e9dito em discursos de l\u00edderes brasileiros na Assembleia Geral da ONU.<\/p>\n\n\n\n<p>\u201cUm deles, por ocasi\u00e3o do encontro do G7, ousou sugerir aplicar san\u00e7\u00f5es ao Brasil, sem sequer nos ouvir\u201d, afirmou, em refer\u00eancia a Macron. \u201cAgrade\u00e7o \u00e0queles que n\u00e3o aceitaram levar adiante essa absurda proposta\u201d, e citou o americano Donald Trump.<\/p>\n\n\n\n<p>O plen\u00e1rio da Assembleia Geral estava cheio para o discurso. Macron n\u00e3o assistiu \u00e0 fala de Bolsonaro. Merkel acompanhou o pronunciamento com equipamento de tradu\u00e7\u00e3o simult\u00e2nea. A alem\u00e3 mexia no telefone celular e, ao fim, bateu palmas quatro vezes, vagarosamente.<\/p>\n\n\n\n<p>Na sequ\u00eancia de seu discurso, Bolsonaro voltou ao plen\u00e1rio para assistir ao pronunciamento de Trump.<\/p>\n\n\n\n<p>O presidente brasileiro fez seguidas cr\u00edticas \u00e0 imprensa nacional e internacional, acusando-a de propagar informa\u00e7\u00f5es que, segundo ele, prejudicam a imagem do pa\u00eds.<\/p>\n\n\n\n<p>O presidente negou as recentes queimadas na Amaz\u00f4nia, embora ele mesmo tenha enviado tropas militares para ajudar a combater o fogo.<\/p>\n\n\n\n<p>\u201cQueremos que todos possam conhecer o Brasil e, em especial, a nossa Amaz\u00f4nia, com toda a sua vastid\u00e3o e beleza natural. Ela n\u00e3o est\u00e1 sendo devastada e nem consumida pelo fogo como diz mentirosamente a m\u00eddia\u201d, disse.<\/p>\n\n\n\n<p>A delega\u00e7\u00e3o brasileira levou ao plen\u00e1rio a \u00edndia Ysani Kalapalo, criticada por organiza\u00e7\u00f5es por n\u00e3o representar as comunidades nacionais. Bolsonaro rebateu com uma carta de um grupo de agricultores ind\u00edgenas e acusou estrangeiros de cobi\u00e7arem a floresta por interesse econ\u00f4mico<\/p>\n\n\n\n<p>\u201cOs que nos atacam n\u00e3o est\u00e3o preocupados com o ser humano \u00edndio, mas sim com as riquezas minerais e a biodiversidade existentes nessas \u00e1reas.\u201d<\/p>\n\n\n\n<p>Bolsonaro abriu sua fala agradecendo a Deus e retomou sua interpreta\u00e7\u00e3o de que o pa\u00eds esteve \u00e0 beira de um regime socialista durante as administra\u00e7\u00f5es do PT.<\/p>\n\n\n\n<p>\u201cMeu pa\u00eds esteve muito pr\u00f3ximo do socialismo, o que nos colocou numa situa\u00e7\u00e3o de corrup\u00e7\u00e3o generalizada, grave recess\u00e3o econ\u00f4mica, altas taxas de criminalidade e de ataques ininterruptos aos valores familiares e religiosos\u201d, declarou.<\/p>\n\n\n\n<p>O presidente usou o argumento do risco socialista para atacar tanto seus antecessores como pa\u00edses vizinhos e a pr\u00f3pria ONU.<\/p>\n\n\n\n<p>\u201cN\u00e3o estamos aqui para apagar nacionalidades e soberanias em nome de um \u2018interesse global\u2019 abstrato. Essa n\u00e3o \u00e9 a organiza\u00e7\u00e3o do interesse global, \u00e9 a Organiza\u00e7\u00e3o das Na\u00e7\u00f5es Unidas. Assim deve permanecer\u201d, afirmou.<\/p>\n\n\n\n<p>Segundo ele, a ONU tamb\u00e9m respaldou programas como o Mais M\u00e9dicos, que transferiam milh\u00f5es de d\u00f3lares \u201cpara a ditadura cubana\u201d.<\/p>\n\n\n\n<p>O chanceler cubano, Bruno Rodr\u00edguez, reagiu poucos minutos ap\u00f3s o discurso do brasileiro. Em seu Twitter, escreveu: \u201ceu rejeito categoricamente os ataques de Bolsonaro a Cuba. Ele \u00e9 delirante e deseja os tempos da ditadura militar. Ele deveria cuidar da corrup\u00e7\u00e3o de seu sistema judicial, seu governo e sua fam\u00edlia.\u201d<\/p>\n\n\n\n<p>Tamb\u00e9m foram alvos priorit\u00e1rios o Foro de S\u00e3o Paulo -organiza\u00e7\u00e3o de partidos pol\u00edticos de esquerda na Am\u00e9rica Latina- e o regime de Nicol\u00e1s Maduro.<\/p>\n\n\n\n<p>\u201cA Venezuela, outrora um pa\u00eds pujante e democr\u00e1tico, hoje experimenta a crueldade do socialismo. O socialismo est\u00e1 dando certo na Venezuela. Todos est\u00e3o pobres e sem liberdade.\u201d<\/p>\n\n\n\n<p>Minutos antes, Bolsonaro havia feito refer\u00eancia elogiosa ao golpe militar de 1964.<\/p>\n\n\n\n<p>\u201cH\u00e1 poucas d\u00e9cadas, tentaram mudar o regime brasileiro e de outros pa\u00edses da Am\u00e9rica Latina. Foram derrotados. Civis e militares brasileiros foram mortos e outros tantos tiveram suas reputa\u00e7\u00f5es destru\u00eddas, mas vencemos aquela guerra e resguardamos nossa liberdade\u201d, disse.<\/p>\n\n\n\n<p>O presidente explorou o discurso para divulgar a guinada de seu governo nas rela\u00e7\u00f5es internacionais. Al\u00e9m de enfrentar outros pa\u00edses, Bolsonaro fez afagos a Israel e ao americano Donald Trump. Citou a China apenas ao mencionar a inten\u00e7\u00e3o de visitar o pa\u00eds e de facilitar a entrada de turistas no Brasil.<\/p>\n\n\n\n<p>O brasileiro seguiu sua linha nitidamente conservadora. Citou Deus, valores da fam\u00edlia.<\/p>\n\n\n\n<p>\u201cA ideologia invadiu a pr\u00f3pria alma humana para dela expulsar Deus e a dignidade com que Ele nos revestiu e, com esses m\u00e9todos, essa ideologia sempre deixou um rastro de morte, ignor\u00e2ncia e mis\u00e9ria por onde passou\u201d, disse.<\/p>\n\n\n\n<p>O presidente ainda encerrou com um vers\u00edculo b\u00edblico que se tornou recorrente desde sua campanha presidencial \u2013\u201de conhecereis a verdade, e a verdade vos libertar\u00e1\u201d, de Jo\u00e3o 8:32<\/p>\n\n\n\n<p>No discurso, Bolsonaro mencionou o ministro da Justi\u00e7a, Sergio Moro, que n\u00e3o acompanhou a comitiva que foi a Nova York. Foi o \u00fanico integrante do governo citado nominalmente pelo presidente.<\/p>\n\n\n\n<p>\u201cH\u00e1 pouco, presidente socialistas que me antecederam desviaram centenas de bilh\u00f5es de d\u00f3lares comprando parte da m\u00eddia e do parlamento\u201d, disse.<\/p>\n\n\n\n<p>\u201cForam julgados e punidos gra\u00e7as ao patriotismo, perseveran\u00e7a e coragem de um juiz que \u00e9 s\u00edmbolo do meu pa\u00eds, o Dr. Sergio Moro, nosso atual ministro da Justi\u00e7a e da Seguran\u00e7a P\u00fablica.\u201d<\/p>\n\n\n\n<p>Em um trecho curto, o presidente tamb\u00e9m exibiu credenciais de uma pol\u00edtica econ\u00f4mica liberal. Citou privatiza\u00e7\u00f5es e concess\u00f5es, al\u00e9m do esfor\u00e7o de implementa\u00e7\u00e3o de medidas para a entrada do Brasil na OCDE (Organiza\u00e7\u00e3o para a Coopera\u00e7\u00e3o e o Desenvolvimento Econ\u00f4mico).<\/p>\n","protected":false},"excerpt":{"rendered":"<p>O presidente Jair Bolsonaro levou ao plen\u00e1rio da ONU (Organiza\u00e7\u00e3o das Na\u00e7\u00f5es Unidas) um discurso que reproduziu o repert\u00f3rio ideol\u00f3gico de seu grupo pol\u00edtico, com&hellip; <\/p>\n","protected":false},"author":1,"featured_media":119829,"comment_status":"closed","ping_status":"closed","sticky":false,"template":"","format":"standard","meta":{"sfsi_plus_gutenberg_text_before_share":"","sfsi_plus_gutenberg_show_text_before_share":"","sfsi_plus_gutenberg_icon_type":"","sfsi_plus_gutenberg_icon_alignemt":"","sfsi_plus_gutenburg_max_per_row":"","footnotes":""},"categories":[11],"tags":[],"class_list":["post-119826","post","type-post","status-publish","format-standard","has-post-thumbnail","hentry","category-politica"],"_links":{"self":[{"href":"https:\/\/www.caririemacao.com\/1\/wp-json\/wp\/v2\/posts\/119826","targetHints":{"allow":["GET"]}}],"collection":[{"href":"https:\/\/www.caririemacao.com\/1\/wp-json\/wp\/v2\/posts"}],"about":[{"href":"https:\/\/www.caririemacao.com\/1\/wp-json\/wp\/v2\/types\/post"}],"author":[{"embeddable":true,"href":"https:\/\/www.caririemacao.com\/1\/wp-json\/wp\/v2\/users\/1"}],"replies":[{"embeddable":true,"href":"https:\/\/www.caririemacao.com\/1\/wp-json\/wp\/v2\/comments?post=119826"}],"version-history":[{"count":1,"href":"https:\/\/www.caririemacao.com\/1\/wp-json\/wp\/v2\/posts\/119826\/revisions"}],"predecessor-version":[{"id":119830,"href":"https:\/\/www.caririemacao.com\/1\/wp-json\/wp\/v2\/posts\/119826\/revisions\/119830"}],"wp:featuredmedia":[{"embeddable":true,"href":"https:\/\/www.caririemacao.com\/1\/wp-json\/wp\/v2\/media\/119829"}],"wp:attachment":[{"href":"https:\/\/www.caririemacao.com\/1\/wp-json\/wp\/v2\/media?parent=119826"}],"wp:term":[{"taxonomy":"category","embeddable":true,"href":"https:\/\/www.caririemacao.com\/1\/wp-json\/wp\/v2\/categories?post=119826"},{"taxonomy":"post_tag","embeddable":true,"href":"https:\/\/www.caririemacao.com\/1\/wp-json\/wp\/v2\/tags?post=119826"}],"curies":[{"name":"wp","href":"https:\/\/api.w.org\/{rel}","templated":true}]}}