{"id":119835,"date":"2019-09-24T14:35:33","date_gmt":"2019-09-24T17:35:33","guid":{"rendered":"http:\/\/www.caririemacao.com\/1\/?p=119835"},"modified":"2019-09-24T14:35:33","modified_gmt":"2019-09-24T17:35:33","slug":"numeros-positivos-ss-do-umbuzeiro-esta-entre-os-10-maiores-produtores-do-estado-de-generos-como-camarao-caprinos-tomate-e-leite-de-cabra","status":"publish","type":"post","link":"https:\/\/www.caririemacao.com\/1\/2019\/09\/24\/numeros-positivos-ss-do-umbuzeiro-esta-entre-os-10-maiores-produtores-do-estado-de-generos-como-camarao-caprinos-tomate-e-leite-de-cabra\/","title":{"rendered":"N\u00fameros positivos: SS do Umbuzeiro est\u00e1 entre os 10 maiores produtores do estado de generos como camar\u00e3o, caprinos, tomate e leite de cabra"},"content":{"rendered":"\n<p>A prefeitura de S\u00e3o Sebasti\u00e3o do Umbuzeiro est\u00e1 alcan\u00e7ando \u00edndices extremamente positivos em rela\u00e7\u00e3o \u00e0 produ\u00e7\u00e3o rural na gest\u00e3o do prefeito Adriano Wolff.<br>De acordo com informa\u00e7\u00f5es do secret\u00e1rio de agricultura Di\u00eago Elesb\u00e3o dados divulgados pelo IBGE confirmam um crescimento na produ\u00e7\u00e3o de v\u00e1rios g\u00eaneros, em especial o camar\u00e3o, produ\u00e7\u00e3o esta que conta com todas as ferramentas de incentivo por parte da gest\u00e3o municipal.<br>Para se ter uma ideia da positividade dos dados, de acordo com o IBGE a cidade de SS do Umbuzeiro ocupa a 15\u00aa posi\u00e7\u00e3o estadual na quantidade de rebanho bovino.<br>J\u00e1 no rebanho caprino, SS do Umbuzeiro ocupa a 6\u00aa posi\u00e7\u00e3o em todo o estado, o que \u00e9 bastante positivo<br>Na produ\u00e7\u00e3o de camar\u00e3o, que segundo o secret\u00e1rio Di\u00eago foi a grande surpresa positiva, o munic\u00edpio tamb\u00e9m est\u00e1 na 6\u00aa posi\u00e7\u00e3o em toda a Para\u00edba.<br>Em rela\u00e7\u00e3o \u00e1 produ\u00e7\u00e3o de leite de cabra, o munic\u00edpio aparece na 9\u00aa coloca\u00e7\u00e3o no estado.<br>Quando o assunto \u00e9 produ\u00e7\u00e3o de tomate o munic\u00edpio saosebastianense tamb\u00e9m ocupa a 9\u00aa posi\u00e7\u00e3o, tudo isto de acordo com dados do IBGE que podem ser confirmados atrav\u00e9s do link&nbsp;<a href=\"https:\/\/cidades.ibge.gov.br\/brasil\/pb\/sao-sebastiao-do-umbuzeiro\/pesquisa\">https:\/\/cidades.ibge.gov.br\/brasil\/pb\/sao-sebastiao-do-umbuzeiro\/pesquisa<\/a><br>\u201cEstes dados foram lan\u00e7ados ontem no site do IBGE. Estamos bem posicionados nestas \u00e1reas, em especial na \u00e1rea da carcinicultra e da tomate.\u201d, disse Di\u00eago.<br>\u201cInclusive a partir da pr\u00f3xima quinta feira estaremos realizando a 2\u00aa edi\u00e7\u00e3o da nossa EXPOSSU, e estes n\u00fameros \u00e0s v\u00e9speras de um evento t\u00e3o importante nos deixam ainda mais empolgados em rela\u00e7\u00e3o a fazer uma grande feira, com certeza\u201d, completou.<br>F\u00c1BIO BRITO<\/p>\n","protected":false},"excerpt":{"rendered":"<p>A prefeitura de S\u00e3o Sebasti\u00e3o do Umbuzeiro est\u00e1 alcan\u00e7ando \u00edndices extremamente positivos em rela\u00e7\u00e3o \u00e0 produ\u00e7\u00e3o rural na gest\u00e3o do prefeito Adriano Wolff.De acordo com&hellip; <\/p>\n","protected":false},"author":1,"featured_media":119837,"comment_status":"closed","ping_status":"closed","sticky":false,"template":"","format":"standard","meta":{"sfsi_plus_gutenberg_text_before_share":"","sfsi_plus_gutenberg_show_text_before_share":"","sfsi_plus_gutenberg_icon_type":"","sfsi_plus_gutenberg_icon_alignemt":"","sfsi_plus_gutenburg_max_per_row":"","footnotes":""},"categories":[6],"tags":[],"class_list":["post-119835","post","type-post","status-publish","format-standard","has-post-thumbnail","hentry","category-cidades"],"_links":{"self":[{"href":"https:\/\/www.caririemacao.com\/1\/wp-json\/wp\/v2\/posts\/119835","targetHints":{"allow":["GET"]}}],"collection":[{"href":"https:\/\/www.caririemacao.com\/1\/wp-json\/wp\/v2\/posts"}],"about":[{"href":"https:\/\/www.caririemacao.com\/1\/wp-json\/wp\/v2\/types\/post"}],"author":[{"embeddable":true,"href":"https:\/\/www.caririemacao.com\/1\/wp-json\/wp\/v2\/users\/1"}],"replies":[{"embeddable":true,"href":"https:\/\/www.caririemacao.com\/1\/wp-json\/wp\/v2\/comments?post=119835"}],"version-history":[{"count":1,"href":"https:\/\/www.caririemacao.com\/1\/wp-json\/wp\/v2\/posts\/119835\/revisions"}],"predecessor-version":[{"id":119838,"href":"https:\/\/www.caririemacao.com\/1\/wp-json\/wp\/v2\/posts\/119835\/revisions\/119838"}],"wp:featuredmedia":[{"embeddable":true,"href":"https:\/\/www.caririemacao.com\/1\/wp-json\/wp\/v2\/media\/119837"}],"wp:attachment":[{"href":"https:\/\/www.caririemacao.com\/1\/wp-json\/wp\/v2\/media?parent=119835"}],"wp:term":[{"taxonomy":"category","embeddable":true,"href":"https:\/\/www.caririemacao.com\/1\/wp-json\/wp\/v2\/categories?post=119835"},{"taxonomy":"post_tag","embeddable":true,"href":"https:\/\/www.caririemacao.com\/1\/wp-json\/wp\/v2\/tags?post=119835"}],"curies":[{"name":"wp","href":"https:\/\/api.w.org\/{rel}","templated":true}]}}