{"id":119845,"date":"2019-09-24T14:46:23","date_gmt":"2019-09-24T17:46:23","guid":{"rendered":"http:\/\/www.caririemacao.com\/1\/?p=119845"},"modified":"2019-09-24T14:46:23","modified_gmt":"2019-09-24T17:46:23","slug":"ha-8-anos-dilma-se-tornava-a-primeira-mulher-a-abrir-assembleia-da-onu","status":"publish","type":"post","link":"https:\/\/www.caririemacao.com\/1\/2019\/09\/24\/ha-8-anos-dilma-se-tornava-a-primeira-mulher-a-abrir-assembleia-da-onu\/","title":{"rendered":"H\u00e1 8 anos, Dilma se tornava a primeira mulher a abrir Assembleia da ONU"},"content":{"rendered":"\n<p>Em 21 de setembro de 2011, a ex-presidenta\u00a0Dilma Rousseff\u00a0se tornava a primeira mulher a abrir a etapa da Assembleia Geral das Na\u00e7\u00f5es Unidas dedicada aos discursos dos chefes de Estado. No discurso,\u00a0Dilma\u00a0defendeu maior participa\u00e7\u00e3o para pa\u00edses emergentes nos f\u00f3runs mundiais, exaltou o papel das\u00a0mulheres\u00a0na\u00a0pol\u00edtica\u00a0e cobrou por uma reforma no Conselho de Seguran\u00e7a, restrito a 15 pa\u00edses sendo apenas cinco com assento permanente e poder de veto.<\/p>\n\n\n\n<p>Como contavam os colunistas\u00a0Rodrigo Vianna\u00a0e\u00a0Dennis de Oliveira, o hist\u00f3rico discurso de Dilma foi expl\u00edcito contra a discrimina\u00e7\u00e3o de g\u00eanero, lembrando a subalterniza\u00e7\u00e3o social das mulheres no mundo;\u00a0falou na necessidade controlar capitais,\u00a0culpando o modelo de do livre fluxo dos capitais especulativos pela crise internacional; e tamb\u00e9m cobrava uma nova governan\u00e7a global.<\/p>\n\n\n\n<p>\u201cUrge aprofundar a regulamenta\u00e7\u00e3o do sistema financeiro e controlar essa fonte inesgot\u00e1vel de instabilidade. \u00c9 preciso impor controles \u00e0 guerra cambial, com a ado\u00e7\u00e3o de regimes de c\u00e2mbio flutuante. Trata-se, senhoras e senhores, de impedir a manipula\u00e7\u00e3o do c\u00e2mbio tanto por pol\u00edticas monet\u00e1rias excessivamente expansionistas como pelo artif\u00edcio do c\u00e2mbio fixo\u201d, disse a presidenta.<\/p>\n\n\n\n<p>Dilma ainda reafirmou a necessidade de uma reforma do Conselho de Seguran\u00e7a das Na\u00e7\u00f5es Unidas e pedia mais espa\u00e7o para os emergentes. \u201cComo outros pa\u00edses emergentes, o Brasil tem sido, at\u00e9 agora, menos afetado pela crise mundial. Mas sabemos que nossa capacidade de resist\u00eancia n\u00e3o \u00e9 ilimitada. Queremos \u2013 e podemos \u2013 ajudar, enquanto h\u00e1 tempo, os pa\u00edses onde a crise j\u00e1 \u00e9 aguda.\u00a0Um novo tipo de coopera\u00e7\u00e3o, entre pa\u00edses emergentes e pa\u00edses desenvolvidos, \u00e9 a oportunidade hist\u00f3rica para redefinir, de forma solid\u00e1ria e respons\u00e1vel, os compromissos que regem as\u00a0rela\u00e7\u00f5es internacionais\u201d, declarou.<\/p>\n\n\n\n<p>A ex-presidente ainda lamentou a postura da\u00a0ONU\u00a0com rela\u00e7\u00e3o \u00e0 Palestina. No ano seguinte, a Assembleia Geral elevou o status do pa\u00eds para\u00a0Estado-observador n\u00e3o-membro nas Na\u00e7\u00f5es Unidas, o mesmo do Vaticano.<\/p>\n\n\n\n<h3 class=\"wp-block-heading\"><strong>Assista:&nbsp;<\/strong><\/h3>\n\n\n\n<figure><iframe data-src=\"https:\/\/www.youtube.com\/embed\/fnDreVbha3Y?feature=oembed&amp;modestbranding=1&amp;showinfo=0&amp;rel=0\" allowfullscreen=\"\" src=\"data:image\/svg+xml;base64,PHN2ZyB3aWR0aD0iMSIgaGVpZ2h0PSIxIiB4bWxucz0iaHR0cDovL3d3dy53My5vcmcvMjAwMC9zdmciPjwvc3ZnPg==\" class=\"lazyload\" data-load-mode=\"1\"><\/iframe><\/figure>\n","protected":false},"excerpt":{"rendered":"<p>Em 21 de setembro de 2011, a ex-presidenta\u00a0Dilma Rousseff\u00a0se tornava a primeira mulher a abrir a etapa da Assembleia Geral das Na\u00e7\u00f5es Unidas dedicada aos&hellip; <\/p>\n","protected":false},"author":1,"featured_media":119847,"comment_status":"closed","ping_status":"closed","sticky":false,"template":"","format":"standard","meta":{"sfsi_plus_gutenberg_text_before_share":"","sfsi_plus_gutenberg_show_text_before_share":"","sfsi_plus_gutenberg_icon_type":"","sfsi_plus_gutenberg_icon_alignemt":"","sfsi_plus_gutenburg_max_per_row":"","footnotes":""},"categories":[11],"tags":[],"class_list":["post-119845","post","type-post","status-publish","format-standard","has-post-thumbnail","hentry","category-politica"],"_links":{"self":[{"href":"https:\/\/www.caririemacao.com\/1\/wp-json\/wp\/v2\/posts\/119845","targetHints":{"allow":["GET"]}}],"collection":[{"href":"https:\/\/www.caririemacao.com\/1\/wp-json\/wp\/v2\/posts"}],"about":[{"href":"https:\/\/www.caririemacao.com\/1\/wp-json\/wp\/v2\/types\/post"}],"author":[{"embeddable":true,"href":"https:\/\/www.caririemacao.com\/1\/wp-json\/wp\/v2\/users\/1"}],"replies":[{"embeddable":true,"href":"https:\/\/www.caririemacao.com\/1\/wp-json\/wp\/v2\/comments?post=119845"}],"version-history":[{"count":1,"href":"https:\/\/www.caririemacao.com\/1\/wp-json\/wp\/v2\/posts\/119845\/revisions"}],"predecessor-version":[{"id":119848,"href":"https:\/\/www.caririemacao.com\/1\/wp-json\/wp\/v2\/posts\/119845\/revisions\/119848"}],"wp:featuredmedia":[{"embeddable":true,"href":"https:\/\/www.caririemacao.com\/1\/wp-json\/wp\/v2\/media\/119847"}],"wp:attachment":[{"href":"https:\/\/www.caririemacao.com\/1\/wp-json\/wp\/v2\/media?parent=119845"}],"wp:term":[{"taxonomy":"category","embeddable":true,"href":"https:\/\/www.caririemacao.com\/1\/wp-json\/wp\/v2\/categories?post=119845"},{"taxonomy":"post_tag","embeddable":true,"href":"https:\/\/www.caririemacao.com\/1\/wp-json\/wp\/v2\/tags?post=119845"}],"curies":[{"name":"wp","href":"https:\/\/api.w.org\/{rel}","templated":true}]}}