{"id":119860,"date":"2019-09-24T16:16:38","date_gmt":"2019-09-24T19:16:38","guid":{"rendered":"http:\/\/www.caririemacao.com\/1\/?p=119860"},"modified":"2019-09-24T16:16:38","modified_gmt":"2019-09-24T19:16:38","slug":"monteiro-prefeitura-incentiva-renascimento-da-cultura-do-algodao-no-municipio","status":"publish","type":"post","link":"https:\/\/www.caririemacao.com\/1\/2019\/09\/24\/monteiro-prefeitura-incentiva-renascimento-da-cultura-do-algodao-no-municipio\/","title":{"rendered":"MONTEIRO: Prefeitura incentiva renascimento da cultura do algod\u00e3o no munic\u00edpio"},"content":{"rendered":"\n<p>A Prefeita de Monteiro, Anna Lorena, est\u00e1 comemorando com os agricultores familiares da Vila Produtiva Rural Lafayette, a primeira colheita da cultura do algod\u00e3o org\u00e2nico que foi reintroduzida na regi\u00e3o, com o objetivo de oferecer mais uma alternativa de gera\u00e7\u00e3o de renda para o pequeno produtor rural. Na unidade de processamento e beneficiamento aonde o algod\u00e3o em ramas \u00e9 descaro\u00e7ado e prensado para a confec\u00e7\u00e3o dos fardos, j\u00e1 foram enfardados mais de 1 tonelada do produto.<\/p>\n\n\n\n<p>A Prefeitura de Monteiro, atrav\u00e9s da Secretaria de Agricultura, beneficiou diretamente cerca de 28 agricultores familiares assentados, que receberam, ainda nas primeiras chuvas de fevereiro o preparo do solo com o corte de terras para reintrodu\u00e7\u00e3o da cultura do algod\u00e3o org\u00e2nico. Segundo o Presidente da Associa\u00e7\u00e3o, Agnaldo Freitas, todos os agricultores envolvidos no projeto, receberam, em m\u00e9dia, 2 horas de trator para a prepara\u00e7\u00e3o do solo.<\/p>\n\n\n\n<p>A prefeita Anna Lorena afirmou que \u201cO algod\u00e3o j\u00e1 foi considerado o \u201cOuro Branco\u201d do Cariri e n\u00f3s sabemos da import\u00e2ncia de reintroduzir essa cultura e da possibilidade de renda que ela pode gerar para o pequeno produtor do nosso munic\u00edpio, j\u00e1 que eles est\u00e3o plantando e colhendo um produto que receber\u00e1 o Selo Org\u00e2nico Brasileiro, atrav\u00e9s da ACEPAC\/PB, com reconhecimento internacional e o principal: antes mesmo do plantio, os agricultores tem a garantia da venda de toda a produ\u00e7\u00e3o e a um pre\u00e7o acima do mercado do Algod\u00e3o comum.\u201d Concluiu.<\/p>\n\n\n\n<p>Lembrando que esse n\u00e3o \u00e9 um trabalho feito apenas por uma entidade. \u00c9 resultado da parceria entre Embrapa Algod\u00e3o, ONGs que fomentam a agroecologia na regi\u00e3o, como a Arriba\u00e7\u00e3, sob coordena\u00e7\u00e3o geral da ONG Diaconia, com suporte do Instituto C&amp;A, Prefeitura de Monteiro e, claro, a participa\u00e7\u00e3o de todos os agricultores que se envolveram no projeto\u201d Concluiu.<\/p>\n","protected":false},"excerpt":{"rendered":"<p>A Prefeita de Monteiro, Anna Lorena, est\u00e1 comemorando com os agricultores familiares da Vila Produtiva Rural Lafayette, a primeira colheita da cultura do algod\u00e3o org\u00e2nico&hellip; <\/p>\n","protected":false},"author":1,"featured_media":119863,"comment_status":"closed","ping_status":"closed","sticky":false,"template":"","format":"standard","meta":{"sfsi_plus_gutenberg_text_before_share":"","sfsi_plus_gutenberg_show_text_before_share":"","sfsi_plus_gutenberg_icon_type":"","sfsi_plus_gutenberg_icon_alignemt":"","sfsi_plus_gutenburg_max_per_row":"","footnotes":""},"categories":[2],"tags":[],"class_list":["post-119860","post","type-post","status-publish","format-standard","has-post-thumbnail","hentry","category-geral"],"_links":{"self":[{"href":"https:\/\/www.caririemacao.com\/1\/wp-json\/wp\/v2\/posts\/119860","targetHints":{"allow":["GET"]}}],"collection":[{"href":"https:\/\/www.caririemacao.com\/1\/wp-json\/wp\/v2\/posts"}],"about":[{"href":"https:\/\/www.caririemacao.com\/1\/wp-json\/wp\/v2\/types\/post"}],"author":[{"embeddable":true,"href":"https:\/\/www.caririemacao.com\/1\/wp-json\/wp\/v2\/users\/1"}],"replies":[{"embeddable":true,"href":"https:\/\/www.caririemacao.com\/1\/wp-json\/wp\/v2\/comments?post=119860"}],"version-history":[{"count":1,"href":"https:\/\/www.caririemacao.com\/1\/wp-json\/wp\/v2\/posts\/119860\/revisions"}],"predecessor-version":[{"id":119865,"href":"https:\/\/www.caririemacao.com\/1\/wp-json\/wp\/v2\/posts\/119860\/revisions\/119865"}],"wp:featuredmedia":[{"embeddable":true,"href":"https:\/\/www.caririemacao.com\/1\/wp-json\/wp\/v2\/media\/119863"}],"wp:attachment":[{"href":"https:\/\/www.caririemacao.com\/1\/wp-json\/wp\/v2\/media?parent=119860"}],"wp:term":[{"taxonomy":"category","embeddable":true,"href":"https:\/\/www.caririemacao.com\/1\/wp-json\/wp\/v2\/categories?post=119860"},{"taxonomy":"post_tag","embeddable":true,"href":"https:\/\/www.caririemacao.com\/1\/wp-json\/wp\/v2\/tags?post=119860"}],"curies":[{"name":"wp","href":"https:\/\/api.w.org\/{rel}","templated":true}]}}