{"id":119871,"date":"2019-09-24T16:18:02","date_gmt":"2019-09-24T19:18:02","guid":{"rendered":"http:\/\/www.caririemacao.com\/1\/?p=119871"},"modified":"2019-09-24T16:18:02","modified_gmt":"2019-09-24T19:18:02","slug":"campus-da-ufcg-em-sume-comemora-10-anos-nesta-semana-confira-a-programacao","status":"publish","type":"post","link":"https:\/\/www.caririemacao.com\/1\/2019\/09\/24\/campus-da-ufcg-em-sume-comemora-10-anos-nesta-semana-confira-a-programacao\/","title":{"rendered":"Campus da UFCG em Sum\u00e9 comemora 10 anos nesta semana; confira a programa\u00e7\u00e3o"},"content":{"rendered":"\n<div class=\"wp-block-image\"><figure class=\"alignleft\"><img decoding=\"async\" data-src=\"https:\/\/i0.wp.com\/www.vitrinedocariri.com.br\/wp-content\/uploads\/2018\/02\/cdsa.jpg?zoom=2&amp;resize=330%2C186&amp;ssl=1\" alt=\"\" class=\"wp-image-4744 lazyload\" src=\"data:image\/svg+xml;base64,PHN2ZyB3aWR0aD0iMSIgaGVpZ2h0PSIxIiB4bWxucz0iaHR0cDovL3d3dy53My5vcmcvMjAwMC9zdmciPjwvc3ZnPg==\" \/><\/figure><\/div>\n\n\n\n<p>O Centro de Desenvolvimento Sustent\u00e1vel do Semi\u00e1rido da Universidade Federal de Campina Grande completa, no pr\u00f3ximo dia 28 de setembro, 10 anos de funcionamento. Para comemorar esta data,&nbsp;de ter\u00e7a-feira (24) ao s\u00e1bado (28), acontecer\u00e3o v\u00e1rias&nbsp;atividades alusivas a esta data de anivers\u00e1rio do CDSA, inclu\u00eddas uma programa\u00e7\u00e3o geral do Centro e eventos relacionados com o momento.<\/p>\n\n\n\n<p>O in\u00edcio das comemora\u00e7\u00f5es ser\u00e1 iniciado na ter\u00e7a-feira, a partir das 9h com o hasteamento das bandeiras por Entes representativos do CDSA, com a participa\u00e7\u00e3o da Filarm\u00f4nica Municipal \u201cMaestro Josu\u00e9 de Lima\u201d, em frente da Biblioteca Setorial do CDSA. Em seguida, \u00e0s&nbsp;9h30min, a programa\u00e7\u00e3o seguir\u00e1 com&nbsp;um caf\u00e9 da manh\u00e3 e um Momento Cultural com participa\u00e7\u00e3o da Filarm\u00f4nica Municipal no mesmo local.<\/p>\n\n\n\n<p>A programa\u00e7\u00e3o geral ser\u00e1 encerrada na sexta-feira, \u00e0s 19h, no Hall da Biblioteca Setorial do CDSA, com a Solenidade de Comemora\u00e7\u00e3o, onde ser\u00e3o homenageadas personalidades que fizeram e fazem a hist\u00f3ria do CDSA.<\/p>\n\n\n\n<p><strong>Eventos relacionados<\/strong><\/p>\n\n\n\n<p>Dentro da programa\u00e7\u00e3o dos eventos eventos relacionados \u00e0s comemora\u00e7\u00f5es dos 10 anos do CDSA, acontecer\u00e3o os seguintes atividades:<\/p>\n\n\n\n<p>Ter\u00e7a-feira (24\/09) e Quarta-feira (25\/09)<br>8h \u2013 21h \u2013 Exposi\u00e7\u00e3o do Ateli\u00ea da Geotinta (Local: Hall da Biblioteca Setorial).<\/p>\n\n\n\n<p><strong>Quinta-feira (26\/09)<\/strong><br>9h \u2013 12h \u2013 Apresenta\u00e7\u00e3o das atividades de Pesquisa e Extens\u00e3o da Licenciatura em Educa\u00e7\u00e3o do Campo\/ Debate \u201c10 anos da LECAMPO \u2013 o que aprendemos nesse tempo\u201d (Local: Audit\u00f3rio do CDSA).<br>14h \u2013 17h \u2013 Apresenta\u00e7\u00e3o das atividades de Pesquisa e Extens\u00e3o da Licenciatura em Educa\u00e7\u00e3o do Campo\/ Debate \u201cA LECAMPO para os pr\u00f3ximos 10 anos \u2013 o que devemos alcan\u00e7ar\u201d (Local: Audit\u00f3rio do CDSA).<\/p>\n\n\n\n<p><strong>Sexta-feira (27\/09)<\/strong><br>8h \u2013 9h30 \u2013 Banners apresentados no Prof\u00c1gua Nacional 2019\/Bras\u00edlia-DF \u2013 (Local: Hall do Audit\u00f3rio).<br>9h30 \u2013 10h \u2013 \u201cCoffee break\u201d (Local: Hall do Audit\u00f3rio) .<br>10h15 \u2013 12h30 \u2013 Mesa Redonda-Desafios da gest\u00e3o de recursos h\u00eddricos no estado da Para\u00edba (Local: Audit\u00f3rio do CDSA).<\/p>\n\n\n\n<p><strong>S\u00e1bado (28\/09)<\/strong><br>8h \u2013 17h \u2013 Segundo Encontro de Surdos do Cariri Paraibano (Local: NEXT\/CDSA).<\/p>\n\n\n\n<p><a href=\"http:\/\/cdsa.ufcg.edu.br\/cdsa\/images\/banners\/Programacao-10Anos.png\" target=\"_blank\" rel=\"noreferrer noopener\">Acesse aqui a programa\u00e7\u00e3o dos eventos<\/a>.<\/p>\n","protected":false},"excerpt":{"rendered":"<p>O Centro de Desenvolvimento Sustent\u00e1vel do Semi\u00e1rido da Universidade Federal de Campina Grande completa, no pr\u00f3ximo dia 28 de setembro, 10 anos de funcionamento. Para&hellip; <\/p>\n","protected":false},"author":1,"featured_media":108166,"comment_status":"closed","ping_status":"closed","sticky":false,"template":"","format":"standard","meta":{"sfsi_plus_gutenberg_text_before_share":"","sfsi_plus_gutenberg_show_text_before_share":"","sfsi_plus_gutenberg_icon_type":"","sfsi_plus_gutenberg_icon_alignemt":"","sfsi_plus_gutenburg_max_per_row":"","footnotes":""},"categories":[2],"tags":[],"class_list":["post-119871","post","type-post","status-publish","format-standard","has-post-thumbnail","hentry","category-geral"],"_links":{"self":[{"href":"https:\/\/www.caririemacao.com\/1\/wp-json\/wp\/v2\/posts\/119871","targetHints":{"allow":["GET"]}}],"collection":[{"href":"https:\/\/www.caririemacao.com\/1\/wp-json\/wp\/v2\/posts"}],"about":[{"href":"https:\/\/www.caririemacao.com\/1\/wp-json\/wp\/v2\/types\/post"}],"author":[{"embeddable":true,"href":"https:\/\/www.caririemacao.com\/1\/wp-json\/wp\/v2\/users\/1"}],"replies":[{"embeddable":true,"href":"https:\/\/www.caririemacao.com\/1\/wp-json\/wp\/v2\/comments?post=119871"}],"version-history":[{"count":1,"href":"https:\/\/www.caririemacao.com\/1\/wp-json\/wp\/v2\/posts\/119871\/revisions"}],"predecessor-version":[{"id":119874,"href":"https:\/\/www.caririemacao.com\/1\/wp-json\/wp\/v2\/posts\/119871\/revisions\/119874"}],"wp:featuredmedia":[{"embeddable":true,"href":"https:\/\/www.caririemacao.com\/1\/wp-json\/wp\/v2\/media\/108166"}],"wp:attachment":[{"href":"https:\/\/www.caririemacao.com\/1\/wp-json\/wp\/v2\/media?parent=119871"}],"wp:term":[{"taxonomy":"category","embeddable":true,"href":"https:\/\/www.caririemacao.com\/1\/wp-json\/wp\/v2\/categories?post=119871"},{"taxonomy":"post_tag","embeddable":true,"href":"https:\/\/www.caririemacao.com\/1\/wp-json\/wp\/v2\/tags?post=119871"}],"curies":[{"name":"wp","href":"https:\/\/api.w.org\/{rel}","templated":true}]}}