{"id":119901,"date":"2019-09-24T21:54:34","date_gmt":"2019-09-25T00:54:34","guid":{"rendered":"http:\/\/www.caririemacao.com\/1\/?p=119901"},"modified":"2019-09-24T21:54:34","modified_gmt":"2019-09-25T00:54:34","slug":"em-monteiro-bombeiros-retornam-buscas-nesta-quarta-para-encontrar-ultimo-corpo","status":"publish","type":"post","link":"https:\/\/www.caririemacao.com\/1\/2019\/09\/24\/em-monteiro-bombeiros-retornam-buscas-nesta-quarta-para-encontrar-ultimo-corpo\/","title":{"rendered":"EM MONTEIRO: Bombeiros retornam buscas nesta quarta para encontrar \u00faltimo corpo"},"content":{"rendered":"\n<p>As buscas feita pelo Corpo\nde Bombeiros, comandado pelo major Silveira, suspendeu as buscas da terceira pessoa,\nv\u00edtima de afogamento nesta segunda-feira, dia 23, na Barragem de S\u00e3o Jos\u00e9,\nlocalizada na cidade de Monteiro, no Cariri Paraibano<\/p>\n\n\n\n<p>Os bombeiros j\u00e1 tinham encontrados os corpos de Maria Eduarda Holanda da Silva, 20 anos, e o pescador conhecido por Rolo Preto.<\/p>\n\n\n\n<figure class=\"wp-block-image\"><img fetchpriority=\"high\" decoding=\"async\" width=\"1024\" height=\"576\" src=\"http:\/\/www.caririemacao.com\/1\/wp-content\/uploads\/2019\/09\/20190924_094440-1024x576.jpg\" alt=\"\" class=\"wp-image-119621\" srcset=\"https:\/\/www.caririemacao.com\/1\/wp-content\/uploads\/2019\/09\/20190924_094440-1024x576.jpg 1024w, https:\/\/www.caririemacao.com\/1\/wp-content\/uploads\/2019\/09\/20190924_094440-300x169.jpg 300w, https:\/\/www.caririemacao.com\/1\/wp-content\/uploads\/2019\/09\/20190924_094440-768x432.jpg 768w, https:\/\/www.caririemacao.com\/1\/wp-content\/uploads\/2019\/09\/20190924_094440.jpg 1280w\" sizes=\"(max-width: 1024px) 100vw, 1024px\" \/><\/figure>\n\n\n\n<p>Segundo o major Silveira,\nas buscam continuam na manh\u00e3 desta quarta-feira, dia 25, para encontrar o corpo\nde Ant\u00f4nio Carlos (Carrim), de 44 anos, ainda desaparecido.<\/p>\n","protected":false},"excerpt":{"rendered":"<p>As buscas feita pelo Corpo de Bombeiros, comandado pelo major Silveira, suspendeu as buscas da terceira pessoa, v\u00edtima de afogamento nesta segunda-feira, dia 23, na&hellip; <\/p>\n","protected":false},"author":2,"featured_media":119617,"comment_status":"closed","ping_status":"closed","sticky":false,"template":"","format":"standard","meta":{"sfsi_plus_gutenberg_text_before_share":"","sfsi_plus_gutenberg_show_text_before_share":"","sfsi_plus_gutenberg_icon_type":"","sfsi_plus_gutenberg_icon_alignemt":"","sfsi_plus_gutenburg_max_per_row":"","footnotes":""},"categories":[50,12],"tags":[],"class_list":["post-119901","post","type-post","status-publish","format-standard","has-post-thumbnail","hentry","category-destaque","category-policia"],"_links":{"self":[{"href":"https:\/\/www.caririemacao.com\/1\/wp-json\/wp\/v2\/posts\/119901","targetHints":{"allow":["GET"]}}],"collection":[{"href":"https:\/\/www.caririemacao.com\/1\/wp-json\/wp\/v2\/posts"}],"about":[{"href":"https:\/\/www.caririemacao.com\/1\/wp-json\/wp\/v2\/types\/post"}],"author":[{"embeddable":true,"href":"https:\/\/www.caririemacao.com\/1\/wp-json\/wp\/v2\/users\/2"}],"replies":[{"embeddable":true,"href":"https:\/\/www.caririemacao.com\/1\/wp-json\/wp\/v2\/comments?post=119901"}],"version-history":[{"count":1,"href":"https:\/\/www.caririemacao.com\/1\/wp-json\/wp\/v2\/posts\/119901\/revisions"}],"predecessor-version":[{"id":119903,"href":"https:\/\/www.caririemacao.com\/1\/wp-json\/wp\/v2\/posts\/119901\/revisions\/119903"}],"wp:featuredmedia":[{"embeddable":true,"href":"https:\/\/www.caririemacao.com\/1\/wp-json\/wp\/v2\/media\/119617"}],"wp:attachment":[{"href":"https:\/\/www.caririemacao.com\/1\/wp-json\/wp\/v2\/media?parent=119901"}],"wp:term":[{"taxonomy":"category","embeddable":true,"href":"https:\/\/www.caririemacao.com\/1\/wp-json\/wp\/v2\/categories?post=119901"},{"taxonomy":"post_tag","embeddable":true,"href":"https:\/\/www.caririemacao.com\/1\/wp-json\/wp\/v2\/tags?post=119901"}],"curies":[{"name":"wp","href":"https:\/\/api.w.org\/{rel}","templated":true}]}}