{"id":119904,"date":"2019-09-24T22:12:45","date_gmt":"2019-09-25T01:12:45","guid":{"rendered":"http:\/\/www.caririemacao.com\/1\/?p=119904"},"modified":"2019-09-24T22:16:06","modified_gmt":"2019-09-25T01:16:06","slug":"em-camalau-sitio-roca-velha-recebe-caravana-da-saude","status":"publish","type":"post","link":"https:\/\/www.caririemacao.com\/1\/2019\/09\/24\/em-camalau-sitio-roca-velha-recebe-caravana-da-saude\/","title":{"rendered":"EM CAMALA\u00da: S\u00edtio Ro\u00e7a Velha recebe Caravana da Sa\u00fade"},"content":{"rendered":"\n<p>Na manh\u00e3 desta ter\u00e7a-feira (24), a Prefeitura de Camala\u00fa, atrav\u00e9s da Secretaria Municipal de Sa\u00fade, em parceria com demais secretarias proporcionou um dia de cidadania para os moradores da comunidade Ro\u00e7a Velha, na zona rural de Camala\u00fa.<\/p>\n\n\n\n<figure class=\"wp-block-image\"><img fetchpriority=\"high\" decoding=\"async\" width=\"960\" height=\"720\" src=\"http:\/\/www.caririemacao.com\/1\/wp-content\/uploads\/2019\/09\/71474891_1738783369585359_7599472987028324352_n.jpg\" alt=\"\" class=\"wp-image-119906\" srcset=\"https:\/\/www.caririemacao.com\/1\/wp-content\/uploads\/2019\/09\/71474891_1738783369585359_7599472987028324352_n.jpg 960w, https:\/\/www.caririemacao.com\/1\/wp-content\/uploads\/2019\/09\/71474891_1738783369585359_7599472987028324352_n-300x225.jpg 300w, https:\/\/www.caririemacao.com\/1\/wp-content\/uploads\/2019\/09\/71474891_1738783369585359_7599472987028324352_n-768x576.jpg 768w\" sizes=\"(max-width: 960px) 100vw, 960px\" \/><\/figure>\n\n\n\n<p>A caravana da sa\u00fade, formada por m\u00e9dico, odont\u00f3logo, enfermeiros, agentes comunit\u00e1rios e de endemias, t\u00e9cnicos da secretaria de sa\u00fade, profissionais de est\u00e9tica, dentre outros realizaram atendimentos m\u00e9dicos e odontol\u00f3gicos, palestras sobre o Setembro Amarelo, corte de cabelo, unhas, consultas de DAP e outras atividades, beneficiando assim, as pessoas da comunidade.<\/p>\n\n\n\n<figure class=\"wp-block-image\"><img decoding=\"async\" width=\"960\" height=\"720\" data-src=\"http:\/\/www.caririemacao.com\/1\/wp-content\/uploads\/2019\/09\/70768622_1738789369584759_5542177579160567808_n.jpg\" alt=\"\" class=\"wp-image-119907 lazyload\" data-srcset=\"https:\/\/www.caririemacao.com\/1\/wp-content\/uploads\/2019\/09\/70768622_1738789369584759_5542177579160567808_n.jpg 960w, https:\/\/www.caririemacao.com\/1\/wp-content\/uploads\/2019\/09\/70768622_1738789369584759_5542177579160567808_n-300x225.jpg 300w, https:\/\/www.caririemacao.com\/1\/wp-content\/uploads\/2019\/09\/70768622_1738789369584759_5542177579160567808_n-768x576.jpg 768w\" data-sizes=\"(max-width: 960px) 100vw, 960px\" src=\"data:image\/svg+xml;base64,PHN2ZyB3aWR0aD0iMSIgaGVpZ2h0PSIxIiB4bWxucz0iaHR0cDovL3d3dy53My5vcmcvMjAwMC9zdmciPjwvc3ZnPg==\" style=\"--smush-placeholder-width: 960px; --smush-placeholder-aspect-ratio: 960\/720;\" \/><\/figure>\n\n\n\n<p>O prefeito de Camala\u00fa, Sandro M\u00f4co esteve acompanhando a\nCaravana de Sa\u00fade e ressaltou que esta atividade \u00e9 muito relevante para\npromover a inclus\u00e3o das comunidades rurais. Ele afirmou que a prefeitura\ncontinuar\u00e1 com o projeto, beneficiando cada vez mais a popula\u00e7\u00e3o com os\nservi\u00e7os de sa\u00fade.<\/p>\n\n\n\n<p>\u201cNosso objetivo \u00e9 garantir a todos o atendimento \u00e0 sa\u00fade. As\ncomunidades rurais t\u00eam uma dificuldade maior de atendimento, ent\u00e3o estas\ncaravanas servem para ir ao encontro daqueles que n\u00e3o t\u00eam acesso aos\natendimentos de sa\u00fade. N\u00e3o vamos parar por aqui, nossas equipes estar\u00e3o sempre\nfazendo sa\u00fade\u201d, afirmou o prefeito Sandro.<\/p>\n","protected":false},"excerpt":{"rendered":"<p>Na manh\u00e3 desta ter\u00e7a-feira (24), a Prefeitura de Camala\u00fa, atrav\u00e9s da Secretaria Municipal de Sa\u00fade, em parceria com demais secretarias proporcionou um dia de cidadania&hellip; <\/p>\n","protected":false},"author":2,"featured_media":119905,"comment_status":"closed","ping_status":"closed","sticky":false,"template":"","format":"standard","meta":{"sfsi_plus_gutenberg_text_before_share":"","sfsi_plus_gutenberg_show_text_before_share":"","sfsi_plus_gutenberg_icon_type":"","sfsi_plus_gutenberg_icon_alignemt":"","sfsi_plus_gutenburg_max_per_row":"","footnotes":""},"categories":[6,50],"tags":[],"class_list":["post-119904","post","type-post","status-publish","format-standard","has-post-thumbnail","hentry","category-cidades","category-destaque"],"_links":{"self":[{"href":"https:\/\/www.caririemacao.com\/1\/wp-json\/wp\/v2\/posts\/119904","targetHints":{"allow":["GET"]}}],"collection":[{"href":"https:\/\/www.caririemacao.com\/1\/wp-json\/wp\/v2\/posts"}],"about":[{"href":"https:\/\/www.caririemacao.com\/1\/wp-json\/wp\/v2\/types\/post"}],"author":[{"embeddable":true,"href":"https:\/\/www.caririemacao.com\/1\/wp-json\/wp\/v2\/users\/2"}],"replies":[{"embeddable":true,"href":"https:\/\/www.caririemacao.com\/1\/wp-json\/wp\/v2\/comments?post=119904"}],"version-history":[{"count":2,"href":"https:\/\/www.caririemacao.com\/1\/wp-json\/wp\/v2\/posts\/119904\/revisions"}],"predecessor-version":[{"id":119909,"href":"https:\/\/www.caririemacao.com\/1\/wp-json\/wp\/v2\/posts\/119904\/revisions\/119909"}],"wp:featuredmedia":[{"embeddable":true,"href":"https:\/\/www.caririemacao.com\/1\/wp-json\/wp\/v2\/media\/119905"}],"wp:attachment":[{"href":"https:\/\/www.caririemacao.com\/1\/wp-json\/wp\/v2\/media?parent=119904"}],"wp:term":[{"taxonomy":"category","embeddable":true,"href":"https:\/\/www.caririemacao.com\/1\/wp-json\/wp\/v2\/categories?post=119904"},{"taxonomy":"post_tag","embeddable":true,"href":"https:\/\/www.caririemacao.com\/1\/wp-json\/wp\/v2\/tags?post=119904"}],"curies":[{"name":"wp","href":"https:\/\/api.w.org\/{rel}","templated":true}]}}