{"id":119910,"date":"2019-09-24T22:41:36","date_gmt":"2019-09-25T01:41:36","guid":{"rendered":"http:\/\/www.caririemacao.com\/1\/?p=119910"},"modified":"2019-09-24T22:43:54","modified_gmt":"2019-09-25T01:43:54","slug":"nesta-quarta-amparo-realiza-8a-conferencia-de-assistencia-social","status":"publish","type":"post","link":"https:\/\/www.caririemacao.com\/1\/2019\/09\/24\/nesta-quarta-amparo-realiza-8a-conferencia-de-assistencia-social\/","title":{"rendered":"NESTA QUARTA: Amparo realiza 8\u00aa Confer\u00eancia de Assist\u00eancia Social"},"content":{"rendered":"\n<p> O Conselho Municipal de Assist\u00eancia Social (Comas) e a Secretaria Municipal de Assist\u00eancia Social de Amparo ir\u00e3o realizar nesta quarta-feira (25), durante toda a manh\u00e3, na sede do CRAS, a 8\u00aa Confer\u00eancia Municipal Democr\u00e1tica de Assist\u00eancia Social, com o tema \u201cAssist\u00eancia Social: Direito do Povo, com Financiamento P\u00fablico e Participa\u00e7\u00e3o Social\u201d.<\/p>\n\n\n\n<p>As confer\u00eancias ocorrem nas tr\u00eas esferas de governo, municipal, estadual e federal e s\u00e3o realizadas a cada quatro anos com a participa\u00e7\u00e3o da sociedade civil, entidades, Poder P\u00fablico e trabalhadores do SUAS &#8211; Sistema \u00danico de Assist\u00eancia Social.<\/p>\n\n\n\n<p>O objetivo das confer\u00eancias \u00e9 garantir o controle social, que significa a participa\u00e7\u00e3o da popula\u00e7\u00e3o na constru\u00e7\u00e3o e implementa\u00e7\u00e3o do Sistema \u00danico de Assist\u00eancia (SUAS), pol\u00edticas p\u00fablicas, al\u00e9m de conferir as delibera\u00e7\u00f5es das confer\u00eancias anteriores, estabelecendo novas metas a serem observadas de acordo com as\u00a0reivindica\u00e7\u00f5es\u00a0da popula\u00e7\u00e3o.<\/p>\n\n\n\n<p><br><strong>Confira a programa\u00e7\u00e3o:<\/strong><\/p>\n\n\n\n<p><br>08h00min \u2013 Credenciamento e Caf\u00e9;<\/p>\n\n\n\n<p>08h30min \u2013 Abertura;<\/p>\n\n\n\n<p>09h00min \u2013 Palestra e Direcionamento dos Eixos Tem\u00e1ticos;<\/p>\n\n\n\n<p>11h00min \u2013 Plen\u00e1ria.<\/p>\n\n\n\n<p><br>Amparo Ligado <\/p>\n","protected":false},"excerpt":{"rendered":"<p>O Conselho Municipal de Assist\u00eancia Social (Comas) e a Secretaria Municipal de Assist\u00eancia Social de Amparo ir\u00e3o realizar nesta quarta-feira (25), durante toda a manh\u00e3,&hellip; <\/p>\n","protected":false},"author":2,"featured_media":44147,"comment_status":"closed","ping_status":"closed","sticky":false,"template":"","format":"standard","meta":{"sfsi_plus_gutenberg_text_before_share":"","sfsi_plus_gutenberg_show_text_before_share":"","sfsi_plus_gutenberg_icon_type":"","sfsi_plus_gutenberg_icon_alignemt":"","sfsi_plus_gutenburg_max_per_row":"","footnotes":""},"categories":[6,50],"tags":[],"class_list":["post-119910","post","type-post","status-publish","format-standard","has-post-thumbnail","hentry","category-cidades","category-destaque"],"_links":{"self":[{"href":"https:\/\/www.caririemacao.com\/1\/wp-json\/wp\/v2\/posts\/119910","targetHints":{"allow":["GET"]}}],"collection":[{"href":"https:\/\/www.caririemacao.com\/1\/wp-json\/wp\/v2\/posts"}],"about":[{"href":"https:\/\/www.caririemacao.com\/1\/wp-json\/wp\/v2\/types\/post"}],"author":[{"embeddable":true,"href":"https:\/\/www.caririemacao.com\/1\/wp-json\/wp\/v2\/users\/2"}],"replies":[{"embeddable":true,"href":"https:\/\/www.caririemacao.com\/1\/wp-json\/wp\/v2\/comments?post=119910"}],"version-history":[{"count":2,"href":"https:\/\/www.caririemacao.com\/1\/wp-json\/wp\/v2\/posts\/119910\/revisions"}],"predecessor-version":[{"id":119912,"href":"https:\/\/www.caririemacao.com\/1\/wp-json\/wp\/v2\/posts\/119910\/revisions\/119912"}],"wp:featuredmedia":[{"embeddable":true,"href":"https:\/\/www.caririemacao.com\/1\/wp-json\/wp\/v2\/media\/44147"}],"wp:attachment":[{"href":"https:\/\/www.caririemacao.com\/1\/wp-json\/wp\/v2\/media?parent=119910"}],"wp:term":[{"taxonomy":"category","embeddable":true,"href":"https:\/\/www.caririemacao.com\/1\/wp-json\/wp\/v2\/categories?post=119910"},{"taxonomy":"post_tag","embeddable":true,"href":"https:\/\/www.caririemacao.com\/1\/wp-json\/wp\/v2\/tags?post=119910"}],"curies":[{"name":"wp","href":"https:\/\/api.w.org\/{rel}","templated":true}]}}