{"id":119945,"date":"2019-09-25T06:31:49","date_gmt":"2019-09-25T09:31:49","guid":{"rendered":"http:\/\/www.caririemacao.com\/1\/?p=119945"},"modified":"2019-09-25T06:31:49","modified_gmt":"2019-09-25T09:31:49","slug":"supostos-cacadores-sao-presos-apos-pm-encontrar-armas-e-330-aves-mortas-em-carro-do-grupo","status":"publish","type":"post","link":"https:\/\/www.caririemacao.com\/1\/2019\/09\/25\/supostos-cacadores-sao-presos-apos-pm-encontrar-armas-e-330-aves-mortas-em-carro-do-grupo\/","title":{"rendered":"Supostos ca\u00e7adores s\u00e3o presos ap\u00f3s PM encontrar armas e 330 aves mortas em carro do grupo"},"content":{"rendered":"\n<p>A Pol\u00edcia Militar em Campina Grande apreendeu 330 aves mortas que estavam sendo transportadas por quatro supostos ca\u00e7adores. Com eles, a PM encontrou tr\u00eas armas de calibres 32, 44 e de 9mm. O grupo foi abordado quando passava de carro pelo Portal Sudoeste, na madrugada desta ter\u00e7a-feira (24).<\/p>\n\n\n\n<p>Entre as esp\u00e9cies de aves abatidas que estavam com o quarteto suspeito estavam arriba\u00e7\u00e3s e rolinhas. Os suspeitos t\u00eam entre 38 e 49 anos, respectivamente.<\/p>\n\n\n\n<p>Eles foram encaminhados \u00e0 Central de Pol\u00edcia Civil e tiveram seus nomes registrados em Termo Circunstanciado de Ocorr\u00eancia (TCO). Em seguida, foram liberados.<\/p>\n","protected":false},"excerpt":{"rendered":"<p>A Pol\u00edcia Militar em Campina Grande apreendeu 330 aves mortas que estavam sendo transportadas por quatro supostos ca\u00e7adores. Com eles, a PM encontrou tr\u00eas armas&hellip; <\/p>\n","protected":false},"author":1,"featured_media":119948,"comment_status":"closed","ping_status":"closed","sticky":false,"template":"","format":"standard","meta":{"sfsi_plus_gutenberg_text_before_share":"","sfsi_plus_gutenberg_show_text_before_share":"","sfsi_plus_gutenberg_icon_type":"","sfsi_plus_gutenberg_icon_alignemt":"","sfsi_plus_gutenburg_max_per_row":"","footnotes":""},"categories":[12],"tags":[],"class_list":["post-119945","post","type-post","status-publish","format-standard","has-post-thumbnail","hentry","category-policia"],"_links":{"self":[{"href":"https:\/\/www.caririemacao.com\/1\/wp-json\/wp\/v2\/posts\/119945","targetHints":{"allow":["GET"]}}],"collection":[{"href":"https:\/\/www.caririemacao.com\/1\/wp-json\/wp\/v2\/posts"}],"about":[{"href":"https:\/\/www.caririemacao.com\/1\/wp-json\/wp\/v2\/types\/post"}],"author":[{"embeddable":true,"href":"https:\/\/www.caririemacao.com\/1\/wp-json\/wp\/v2\/users\/1"}],"replies":[{"embeddable":true,"href":"https:\/\/www.caririemacao.com\/1\/wp-json\/wp\/v2\/comments?post=119945"}],"version-history":[{"count":1,"href":"https:\/\/www.caririemacao.com\/1\/wp-json\/wp\/v2\/posts\/119945\/revisions"}],"predecessor-version":[{"id":119949,"href":"https:\/\/www.caririemacao.com\/1\/wp-json\/wp\/v2\/posts\/119945\/revisions\/119949"}],"wp:featuredmedia":[{"embeddable":true,"href":"https:\/\/www.caririemacao.com\/1\/wp-json\/wp\/v2\/media\/119948"}],"wp:attachment":[{"href":"https:\/\/www.caririemacao.com\/1\/wp-json\/wp\/v2\/media?parent=119945"}],"wp:term":[{"taxonomy":"category","embeddable":true,"href":"https:\/\/www.caririemacao.com\/1\/wp-json\/wp\/v2\/categories?post=119945"},{"taxonomy":"post_tag","embeddable":true,"href":"https:\/\/www.caririemacao.com\/1\/wp-json\/wp\/v2\/tags?post=119945"}],"curies":[{"name":"wp","href":"https:\/\/api.w.org\/{rel}","templated":true}]}}