{"id":119993,"date":"2019-09-25T06:40:36","date_gmt":"2019-09-25T09:40:36","guid":{"rendered":"http:\/\/www.caririemacao.com\/1\/?p=119993"},"modified":"2019-09-25T06:40:36","modified_gmt":"2019-09-25T09:40:36","slug":"ministerio-define-recesso-de-fim-de-ano-no-servico-publico-federal","status":"publish","type":"post","link":"https:\/\/www.caririemacao.com\/1\/2019\/09\/25\/ministerio-define-recesso-de-fim-de-ano-no-servico-publico-federal\/","title":{"rendered":"Minist\u00e9rio define recesso de fim de ano no servi\u00e7o p\u00fablico federal"},"content":{"rendered":"\n<p>O per\u00edodo de recesso para a comemora\u00e7\u00e3o das festas de fim de ano (Natal e Ano Novo), para os servidores p\u00fablicos federais da administra\u00e7\u00e3o direta, aut\u00e1rquica e fundacional, foi definido pela Secretaria de Gest\u00e3o e Desempenho de Pessoal, do Minist\u00e9rio da economia, em portaria publicada nesta quarta-feira (25) no&nbsp;<a href=\"http:\/\/www.in.gov.br\/en\/web\/dou\/-\/portaria-n-3.409-de-24-de-setembro-de-2019-218018766\"><em>Di\u00e1rio Oficial da Uni\u00e3o<\/em><\/a>.De acordo com o documento, o recesso compreender\u00e1 os per\u00edodos de 23 a 27 de dezembro de 2019 e de 30 de dezembro de 2019 a 3 de janeiro de 2020. \u201cOs agentes p\u00fablicos devem se revezar nos dois per\u00edodos comemorativos, preservando os servi\u00e7os essenciais, em especial o atendimento ao p\u00fablico\u201d.O servidor poder\u00e1 compensar as horas do recesso a partir de hoje, data da publica\u00e7\u00e3o da portaria, at\u00e9 29 de maio de 2020. Quem n\u00e3o \u201ccompensar as horas usufru\u00eddas em raz\u00e3o do recesso sofrer\u00e1 desconto na sua remunera\u00e7\u00e3o, proporcionalmente \u00e0s horas n\u00e3o compensadas\u201d, diz a portaria..<\/p>\n","protected":false},"excerpt":{"rendered":"<p>O per\u00edodo de recesso para a comemora\u00e7\u00e3o das festas de fim de ano (Natal e Ano Novo), para os servidores p\u00fablicos federais da administra\u00e7\u00e3o direta,&hellip; <\/p>\n","protected":false},"author":1,"featured_media":63442,"comment_status":"closed","ping_status":"closed","sticky":false,"template":"","format":"standard","meta":{"sfsi_plus_gutenberg_text_before_share":"","sfsi_plus_gutenberg_show_text_before_share":"","sfsi_plus_gutenberg_icon_type":"","sfsi_plus_gutenberg_icon_alignemt":"","sfsi_plus_gutenburg_max_per_row":"","footnotes":""},"categories":[2],"tags":[],"class_list":["post-119993","post","type-post","status-publish","format-standard","has-post-thumbnail","hentry","category-geral"],"_links":{"self":[{"href":"https:\/\/www.caririemacao.com\/1\/wp-json\/wp\/v2\/posts\/119993","targetHints":{"allow":["GET"]}}],"collection":[{"href":"https:\/\/www.caririemacao.com\/1\/wp-json\/wp\/v2\/posts"}],"about":[{"href":"https:\/\/www.caririemacao.com\/1\/wp-json\/wp\/v2\/types\/post"}],"author":[{"embeddable":true,"href":"https:\/\/www.caririemacao.com\/1\/wp-json\/wp\/v2\/users\/1"}],"replies":[{"embeddable":true,"href":"https:\/\/www.caririemacao.com\/1\/wp-json\/wp\/v2\/comments?post=119993"}],"version-history":[{"count":1,"href":"https:\/\/www.caririemacao.com\/1\/wp-json\/wp\/v2\/posts\/119993\/revisions"}],"predecessor-version":[{"id":119995,"href":"https:\/\/www.caririemacao.com\/1\/wp-json\/wp\/v2\/posts\/119993\/revisions\/119995"}],"wp:featuredmedia":[{"embeddable":true,"href":"https:\/\/www.caririemacao.com\/1\/wp-json\/wp\/v2\/media\/63442"}],"wp:attachment":[{"href":"https:\/\/www.caririemacao.com\/1\/wp-json\/wp\/v2\/media?parent=119993"}],"wp:term":[{"taxonomy":"category","embeddable":true,"href":"https:\/\/www.caririemacao.com\/1\/wp-json\/wp\/v2\/categories?post=119993"},{"taxonomy":"post_tag","embeddable":true,"href":"https:\/\/www.caririemacao.com\/1\/wp-json\/wp\/v2\/tags?post=119993"}],"curies":[{"name":"wp","href":"https:\/\/api.w.org\/{rel}","templated":true}]}}