{"id":120004,"date":"2019-09-25T06:41:50","date_gmt":"2019-09-25T09:41:50","guid":{"rendered":"http:\/\/www.caririemacao.com\/1\/?p=120004"},"modified":"2019-09-25T06:41:50","modified_gmt":"2019-09-25T09:41:50","slug":"mulher-e-presa-na-via-dutra-transportando-municoes-para-fuzil","status":"publish","type":"post","link":"https:\/\/www.caririemacao.com\/1\/2019\/09\/25\/mulher-e-presa-na-via-dutra-transportando-municoes-para-fuzil\/","title":{"rendered":"Mulher \u00e9 presa na Via Dutra transportando muni\u00e7\u00f5es para fuzil"},"content":{"rendered":"\n<p> Milhares de muni\u00e7\u00f5es de fuzil foram apreendidas hoje (24) pela Pol\u00edcia Rodovi\u00e1ria Federal (PRF), em uma a\u00e7\u00e3o conjunta com a Pol\u00edcia Civil do Rio de Janeiro, durante abordagem na Rodovia Presidente Dutra (BR-116), no Jardim Am\u00e9rica, zona norte da capital fluminese.\u00a0Os policiais faziam uma a\u00e7\u00e3o de fiscaliza\u00e7\u00e3o na Via Dutra, quando abordaram um Nissan\/Kicks, conduzido por uma mulher que estava acompanhada de seus dois filhos, de 3 e 10 anos. A mulher trazia milhares de muni\u00e7\u00f5es para fuzis, consideradas armas de guerra pelo alto poder destrutivo.Durante a a\u00e7\u00e3o, os policiais solicitaram \u00e0 motorista os documentos. Neste momento, a suspeita come\u00e7ou a apresentar nervosismo e chorar. Al\u00e9m do comportamento suspeito, ela n\u00e3o soube explicar as motiva\u00e7\u00f5es de sua viagem. Imediatamente, o Grupo de Opera\u00e7\u00f5es com C\u00e3es da PRF foi acionado e um pastor alem\u00e3o especialista no faro de drogas, armas e muni\u00e7\u00f5es indicou a presen\u00e7a das muni\u00e7\u00f5es no interior do ve\u00edculo.Durante fiscaliza\u00e7\u00e3o minuciosa no ve\u00edculo, os agentes encontraram, em um compartimento embaixo do carro, cerca de 3.500 muni\u00e7\u00f5es de diversos calibres utilizadas em fuzis; al\u00e9m de escopeta calibre 12. A motorista confessou que receberia R$ 5 mil para transportar as muni\u00e7\u00f5es de Campo Grande at\u00e9 comunidades do Rio de Janeiro.O caso foi encaminhado para a 22\u00aa Delegacia Policial (Penha), onde a mulher foi autuada em flagrante e em seguida levada para um pres\u00eddio do Estado, onde ficar\u00e1 \u00e0 disposi\u00e7\u00e3o da Justi\u00e7a at\u00e9 o julgamento. As duas crian\u00e7as foram levadas para o Conselho Tutelar.<\/p>\n","protected":false},"excerpt":{"rendered":"<p>Milhares de muni\u00e7\u00f5es de fuzil foram apreendidas hoje (24) pela Pol\u00edcia Rodovi\u00e1ria Federal (PRF), em uma a\u00e7\u00e3o conjunta com a Pol\u00edcia Civil do Rio de&hellip; <\/p>\n","protected":false},"author":1,"featured_media":96448,"comment_status":"closed","ping_status":"closed","sticky":false,"template":"","format":"standard","meta":{"sfsi_plus_gutenberg_text_before_share":"","sfsi_plus_gutenberg_show_text_before_share":"","sfsi_plus_gutenberg_icon_type":"","sfsi_plus_gutenberg_icon_alignemt":"","sfsi_plus_gutenburg_max_per_row":"","footnotes":""},"categories":[12],"tags":[],"class_list":["post-120004","post","type-post","status-publish","format-standard","has-post-thumbnail","hentry","category-policia"],"_links":{"self":[{"href":"https:\/\/www.caririemacao.com\/1\/wp-json\/wp\/v2\/posts\/120004","targetHints":{"allow":["GET"]}}],"collection":[{"href":"https:\/\/www.caririemacao.com\/1\/wp-json\/wp\/v2\/posts"}],"about":[{"href":"https:\/\/www.caririemacao.com\/1\/wp-json\/wp\/v2\/types\/post"}],"author":[{"embeddable":true,"href":"https:\/\/www.caririemacao.com\/1\/wp-json\/wp\/v2\/users\/1"}],"replies":[{"embeddable":true,"href":"https:\/\/www.caririemacao.com\/1\/wp-json\/wp\/v2\/comments?post=120004"}],"version-history":[{"count":1,"href":"https:\/\/www.caririemacao.com\/1\/wp-json\/wp\/v2\/posts\/120004\/revisions"}],"predecessor-version":[{"id":120006,"href":"https:\/\/www.caririemacao.com\/1\/wp-json\/wp\/v2\/posts\/120004\/revisions\/120006"}],"wp:featuredmedia":[{"embeddable":true,"href":"https:\/\/www.caririemacao.com\/1\/wp-json\/wp\/v2\/media\/96448"}],"wp:attachment":[{"href":"https:\/\/www.caririemacao.com\/1\/wp-json\/wp\/v2\/media?parent=120004"}],"wp:term":[{"taxonomy":"category","embeddable":true,"href":"https:\/\/www.caririemacao.com\/1\/wp-json\/wp\/v2\/categories?post=120004"},{"taxonomy":"post_tag","embeddable":true,"href":"https:\/\/www.caririemacao.com\/1\/wp-json\/wp\/v2\/tags?post=120004"}],"curies":[{"name":"wp","href":"https:\/\/api.w.org\/{rel}","templated":true}]}}