{"id":120014,"date":"2019-09-25T06:43:49","date_gmt":"2019-09-25T09:43:49","guid":{"rendered":"http:\/\/www.caririemacao.com\/1\/?p=120014"},"modified":"2019-09-25T06:43:49","modified_gmt":"2019-09-25T09:43:49","slug":"jovem-morre-ao-manusear-explosivo-em-area-de-treinamento-do-exercito","status":"publish","type":"post","link":"https:\/\/www.caririemacao.com\/1\/2019\/09\/25\/jovem-morre-ao-manusear-explosivo-em-area-de-treinamento-do-exercito\/","title":{"rendered":"Jovem morre ao manusear explosivo em \u00e1rea de treinamento do Ex\u00e9rcito"},"content":{"rendered":"\n<p>O adolescente Nathan Leandro da Silva Lopes, de 15 anos, morador de Nil\u00f3polis, na Baixada Fluminense, morreu ontem (23) no final da tarde, quando em companhia de dois amigos caminhava no Parque de Gericin\u00f3, e entrou na \u00e1rea do Campo de Instru\u00e7\u00e3o de Gericin\u00f3, uma \u00e1rea de treinamento do Ex\u00e9rcito, com placas indicando o acesso proibido.&nbsp;Natahan e os dois amigos encontraram um artefato explosivo no solo. Nathan pegou o explosivo na m\u00e3o e come\u00e7ou a manuse\u00e1-lo. A granada explodiu matando Nathan na hora e ferindo um colega dele, que foi levado pelo Ex\u00e9rcito para o Hospital da Vila Militar.Em nota, o Comando Militar do Leste (CML) informou que a \u00e1rea \u00e9 destinada \u00e0 instru\u00e7\u00e3o militar, &nbsp;incluindo tiro com armamento pesado, granadas e explosivos. Seu acesso possui sinaliza\u00e7\u00e3o de advert\u00eancia, alertando para a proibi\u00e7\u00e3o e o perigo da transposi\u00e7\u00e3o. \u201cDurante o deslocamento pela \u00e1rea, os menores encontraram artefatos militares. Ao removerem indevidamente os artefatos do solo e efetuarem a sua manipula\u00e7\u00e3o, um deles veio a explodir. A onda explosiva feriu mortalmente um deles e infligiu ferimento de menor gravidade em outro. O terceiro menor nada sofreu\u201d.O comunicado diz ainda que a Pol\u00edcia do Ex\u00e9rcito foi acionada para realizar a per\u00edcia no local. O adolescente ferido foi levado para o Hospital da Vila Militar, onde foi medicado e passa bem.&nbsp;Nathan &nbsp;morava no bairro Nossa Senhora de F\u00e1tima e era aluno da Escola Municipal Mikhail Jarjous, em Nil\u00f3polis, onde cursava a 7\u00aa fase do Ensino Fundamental.<\/p>\n","protected":false},"excerpt":{"rendered":"<p>O adolescente Nathan Leandro da Silva Lopes, de 15 anos, morador de Nil\u00f3polis, na Baixada Fluminense, morreu ontem (23) no final da tarde, quando em&hellip; <\/p>\n","protected":false},"author":1,"featured_media":34202,"comment_status":"closed","ping_status":"closed","sticky":false,"template":"","format":"standard","meta":{"sfsi_plus_gutenberg_text_before_share":"","sfsi_plus_gutenberg_show_text_before_share":"","sfsi_plus_gutenberg_icon_type":"","sfsi_plus_gutenberg_icon_alignemt":"","sfsi_plus_gutenburg_max_per_row":"","footnotes":""},"categories":[2],"tags":[],"class_list":["post-120014","post","type-post","status-publish","format-standard","has-post-thumbnail","hentry","category-geral"],"_links":{"self":[{"href":"https:\/\/www.caririemacao.com\/1\/wp-json\/wp\/v2\/posts\/120014","targetHints":{"allow":["GET"]}}],"collection":[{"href":"https:\/\/www.caririemacao.com\/1\/wp-json\/wp\/v2\/posts"}],"about":[{"href":"https:\/\/www.caririemacao.com\/1\/wp-json\/wp\/v2\/types\/post"}],"author":[{"embeddable":true,"href":"https:\/\/www.caririemacao.com\/1\/wp-json\/wp\/v2\/users\/1"}],"replies":[{"embeddable":true,"href":"https:\/\/www.caririemacao.com\/1\/wp-json\/wp\/v2\/comments?post=120014"}],"version-history":[{"count":1,"href":"https:\/\/www.caririemacao.com\/1\/wp-json\/wp\/v2\/posts\/120014\/revisions"}],"predecessor-version":[{"id":120016,"href":"https:\/\/www.caririemacao.com\/1\/wp-json\/wp\/v2\/posts\/120014\/revisions\/120016"}],"wp:featuredmedia":[{"embeddable":true,"href":"https:\/\/www.caririemacao.com\/1\/wp-json\/wp\/v2\/media\/34202"}],"wp:attachment":[{"href":"https:\/\/www.caririemacao.com\/1\/wp-json\/wp\/v2\/media?parent=120014"}],"wp:term":[{"taxonomy":"category","embeddable":true,"href":"https:\/\/www.caririemacao.com\/1\/wp-json\/wp\/v2\/categories?post=120014"},{"taxonomy":"post_tag","embeddable":true,"href":"https:\/\/www.caririemacao.com\/1\/wp-json\/wp\/v2\/tags?post=120014"}],"curies":[{"name":"wp","href":"https:\/\/api.w.org\/{rel}","templated":true}]}}