{"id":120035,"date":"2019-09-25T06:51:31","date_gmt":"2019-09-25T09:51:31","guid":{"rendered":"http:\/\/www.caririemacao.com\/1\/?p=120035"},"modified":"2019-09-25T06:51:31","modified_gmt":"2019-09-25T09:51:31","slug":"unidos-por-gurjao-liderancas-politicas-prestigiam-aniversario-de-ex-vereador-e-discutem-2020","status":"publish","type":"post","link":"https:\/\/www.caririemacao.com\/1\/2019\/09\/25\/unidos-por-gurjao-liderancas-politicas-prestigiam-aniversario-de-ex-vereador-e-discutem-2020\/","title":{"rendered":"UNIDOS POR GURJ\u00c3O: Lideran\u00e7as pol\u00edticas prestigiam anivers\u00e1rio de ex-vereador e discutem 2020"},"content":{"rendered":"\n<p>V\u00e1rias lideran\u00e7as pol\u00edtica de Gurj\u00e3o estiveram participando do\nanivers\u00e1rio dos 71 anos do ex-vereador Adeval Teixeira.<\/p>\n\n\n\n<p>O anivers\u00e1rio foi no domingo, dia 22, na resid\u00eancia do\nex-vereador e contou com a presen\u00e7a do ex-prefeito de Gurj\u00e3o Martinho C\u00e2ndido,\ndo ex-prefeito de Santo Andr\u00e9, Dr. Marinho, do ex-vereador Edvan Santos, do\nvereador Gilberto Farias e do vereador e pr\u00e9-candidato a prefeito de Gurj\u00e3o,\nAdailsinho Queiroz (PSB).<\/p>\n\n\n\n<p>Al\u00e9m de comemorar o anivers\u00e1rio do senhor Adeval, tamb\u00e9m\nconstou no encontro, conversas relacionadas as elei\u00e7\u00f5es do pr\u00f3ximo ano. As lideran\u00e7as\nvem articulando uma uni\u00e3o das oposi\u00e7\u00f5es para o bem de Gurj\u00e3o.<\/p>\n\n\n\n<p>\u201cFomos parabenizar nosso amigo Adeval e aproveitamos para\ndebater os problemas existentes, buscando solu\u00e7\u00f5es para o bem do munic\u00edpio.\nEstamos buscando a unir a oposi\u00e7\u00e3o para que a cidade volte ao seu crescimento.\nVolte a pensar grande. Estamos Unidos por Gurj\u00e3o\u201d, comentou Adailsinho Queiroz.<\/p>\n\n\n\n<p>O pr\u00e9-candidato a prefeito Adailsinho disse que vem a cada\ndia encontrando apoio e que sua pr\u00e9-candidatura vem crescendo no munic\u00edpio, mas\nque vem conversando com os amigos e lideran\u00e7as para fortalecer uma candidatura forte\nda oposi\u00e7\u00e3o em Gurj\u00e3o.<\/p>\n","protected":false},"excerpt":{"rendered":"<p>V\u00e1rias lideran\u00e7as pol\u00edtica de Gurj\u00e3o estiveram participando do anivers\u00e1rio dos 71 anos do ex-vereador Adeval Teixeira. O anivers\u00e1rio foi no domingo, dia 22, na resid\u00eancia&hellip; <\/p>\n","protected":false},"author":2,"featured_media":120036,"comment_status":"closed","ping_status":"closed","sticky":false,"template":"","format":"standard","meta":{"sfsi_plus_gutenberg_text_before_share":"","sfsi_plus_gutenberg_show_text_before_share":"","sfsi_plus_gutenberg_icon_type":"","sfsi_plus_gutenberg_icon_alignemt":"","sfsi_plus_gutenburg_max_per_row":"","footnotes":""},"categories":[50,11],"tags":[],"class_list":["post-120035","post","type-post","status-publish","format-standard","has-post-thumbnail","hentry","category-destaque","category-politica"],"_links":{"self":[{"href":"https:\/\/www.caririemacao.com\/1\/wp-json\/wp\/v2\/posts\/120035","targetHints":{"allow":["GET"]}}],"collection":[{"href":"https:\/\/www.caririemacao.com\/1\/wp-json\/wp\/v2\/posts"}],"about":[{"href":"https:\/\/www.caririemacao.com\/1\/wp-json\/wp\/v2\/types\/post"}],"author":[{"embeddable":true,"href":"https:\/\/www.caririemacao.com\/1\/wp-json\/wp\/v2\/users\/2"}],"replies":[{"embeddable":true,"href":"https:\/\/www.caririemacao.com\/1\/wp-json\/wp\/v2\/comments?post=120035"}],"version-history":[{"count":1,"href":"https:\/\/www.caririemacao.com\/1\/wp-json\/wp\/v2\/posts\/120035\/revisions"}],"predecessor-version":[{"id":120037,"href":"https:\/\/www.caririemacao.com\/1\/wp-json\/wp\/v2\/posts\/120035\/revisions\/120037"}],"wp:featuredmedia":[{"embeddable":true,"href":"https:\/\/www.caririemacao.com\/1\/wp-json\/wp\/v2\/media\/120036"}],"wp:attachment":[{"href":"https:\/\/www.caririemacao.com\/1\/wp-json\/wp\/v2\/media?parent=120035"}],"wp:term":[{"taxonomy":"category","embeddable":true,"href":"https:\/\/www.caririemacao.com\/1\/wp-json\/wp\/v2\/categories?post=120035"},{"taxonomy":"post_tag","embeddable":true,"href":"https:\/\/www.caririemacao.com\/1\/wp-json\/wp\/v2\/tags?post=120035"}],"curies":[{"name":"wp","href":"https:\/\/api.w.org\/{rel}","templated":true}]}}