{"id":120046,"date":"2019-09-25T07:52:49","date_gmt":"2019-09-25T10:52:49","guid":{"rendered":"http:\/\/www.caririemacao.com\/1\/?p=120046"},"modified":"2019-09-25T07:52:49","modified_gmt":"2019-09-25T10:52:49","slug":"ministro-diz-que-enem-tera-como-foco-conhecimentos-objetivos","status":"publish","type":"post","link":"https:\/\/www.caririemacao.com\/1\/2019\/09\/25\/ministro-diz-que-enem-tera-como-foco-conhecimentos-objetivos\/","title":{"rendered":"Ministro diz que Enem ter\u00e1 como foco conhecimentos objetivos"},"content":{"rendered":"\n<p><br>O Exame Nacional do Ensino M\u00e9dio (Enem) deste ano ter\u00e1 como foco conhecimentos objetivos. Segundo o ministro da Educa\u00e7\u00e3o, Abraham Weintraub, a preocupa\u00e7\u00e3o do Minist\u00e9rio da Educa\u00e7\u00e3o (MEC) ser\u00e1 selecionar os melhores alunos para ocupar as vagas no ensino superior.<\/p>\n\n\n\n<p>\u201cN\u00e3o vai cair ideologia, a gente quer saber de conhecimento cient\u00edfico, t\u00e9cnico, de capacidade de leitura, de fazer contas, de conhecimentos objetivos\u201d, afirmou o ministro que participou ontem (24) do programa&nbsp;<em>Brasil em Pauta<\/em>, da&nbsp;<em>TV Brasil<\/em>, da&nbsp;<strong>EBC<\/strong>.<\/p>\n\n\n\n<figure class=\"wp-block-image\"><img decoding=\"async\" data-src=\"http:\/\/imagens.ebc.com.br\/BePf62sRav1X3NECxmZ95OOR6dY=\/754x0\/smart\/http:\/\/agenciabrasil.ebc.com.br\/sites\/default\/files\/thumbnails\/image\/fcpzzb_abr_26081921436.jpg?itok=3azA8ZY7\" alt=\"O ministro da Educa\u00e7\u00e3o, Abraham Weintraub, faz balan\u00e7o sobre o Exame Nacional para Certifica\u00e7\u00e3o de Compet\u00eancias de Jovens e Adultos (Encceja). \" src=\"data:image\/svg+xml;base64,PHN2ZyB3aWR0aD0iMSIgaGVpZ2h0PSIxIiB4bWxucz0iaHR0cDovL3d3dy53My5vcmcvMjAwMC9zdmciPjwvc3ZnPg==\" class=\"lazyload\" \/><\/figure>\n\n\n\n<p>Abraham Weintraub disse que a preocupa\u00e7\u00e3o do MEC ser\u00e1 selecionar os melhores alunos para ocupar vagas no ensino superior&nbsp;<strong>(Arquivo\/<\/strong><strong>Fabio Rodrigues Pozzebom\/Ag\u00eancia Brasil<\/strong><\/p>\n\n\n\n<p>Ele acrescentou que o interesse do MEC \u00e9 \u201csimplesmente selecionar as melhores pessoas para ocupar as vagas nas faculdades. A nossa preocupa\u00e7\u00e3o \u00e9 m\u00e9rito, s\u00f3\u201d.<\/p>\n\n\n\n<p><a href=\"http:\/\/agenciabrasil.ebc.com.br\/educacao\/noticia\/2018-11\/bolsonaro-diz-que-enem-deve-tratar-sobre-o-que-interessa\" target=\"_blank\" rel=\"noreferrer noopener\">Ap\u00f3s pol\u00eamica envolvendo quest\u00f5es do Enem<\/a>&nbsp;no ano passado, o Instituto Nacional de Estudos e Pesquisas Educacionais An\u00edsio Teixeira (Inep), vinculado ao Minist\u00e9rio da Educa\u00e7\u00e3o,&nbsp;<a href=\"http:\/\/agenciabrasil.ebc.com.br\/educacao\/noticia\/2019-03\/inep-cria-comissao-para-decidir-itens-que-farao-parte-do-enem-2019\" target=\"_blank\" rel=\"noreferrer noopener\">criou, no in\u00edcio deste ano<\/a>, um grupo respons\u00e1vel por &#8220;identificar abordagens controversas com teor ofensivo a segmentos e grupos sociais, s\u00edmbolos, tradi\u00e7\u00f5es e costumes nacionais&#8221; e, com base nessa an\u00e1lise, recomendar que tais itens n\u00e3o fossem usados na montagem do Enem 2019.<\/p>\n\n\n\n<p>O ministro ressaltou, na entrevista, que a aplica\u00e7\u00e3o do exame este ano est\u00e1 garantida.<\/p>\n\n\n\n<h2 class=\"wp-block-heading\">Carteira estudantil ser\u00e1 digitalizada<\/h2>\n\n\n\n<p>Ele falou ainda sobre a digitaliza\u00e7\u00e3o do MEC, que lan\u00e7ou, este ano, a carteirinha de estudante digital. A&nbsp;<a href=\"http:\/\/agenciabrasil.ebc.com.br\/educacao\/noticia\/2019-09\/portal-do-mec-tira-duvidas-sobre-carteira-de-estudante-digital\" target=\"_blank\" rel=\"noreferrer noopener\">ID Estudantil&nbsp;<\/a>come\u00e7ar\u00e1 a ser emitida em dezembro.<\/p>\n\n\n\n<p>A digitaliza\u00e7\u00e3o tamb\u00e9m chegar\u00e1 ao Enem, que, ano que vem,&nbsp;<a href=\"http:\/\/agenciabrasil.ebc.com.br\/educacao\/noticia\/2019-07\/enem-tera-aplicacao-digital-em-2020-em-fase-piloto\" target=\"_blank\" rel=\"noreferrer noopener\">ter\u00e1 aplica\u00e7\u00e3o por computador<\/a>&nbsp;realizada de forma piloto.<\/p>\n\n\n\n<p>O Enem 2019 ser\u00e1 realizado nos dias 3 e 10 de novembro, em 1.727 munic\u00edpios brasileiros. Mais de 5 milh\u00f5es de pessoas far\u00e3o o exame em 14 mil locais de aplica\u00e7\u00e3o de provas.<\/p>\n\n\n\n<p>Quem j\u00e1 concluiu o ensino m\u00e9dio ou vai concluir este ano pode usar as notas do Enem para se inscrever no Sistema de Sele\u00e7\u00e3o Unificada (Sisu), que oferece vagas em institui\u00e7\u00f5es p\u00fablicas de ensino superior. Os estudantes podem ainda concorrer a bolsas de estudo pelo Programa Universidade para Todos (ProUni) e podendo ser beneficiados pelo Fundo de Financiamento Estudantil (Fies).<\/p>\n","protected":false},"excerpt":{"rendered":"<p>O Exame Nacional do Ensino M\u00e9dio (Enem) deste ano ter\u00e1 como foco conhecimentos objetivos. Segundo o ministro da Educa\u00e7\u00e3o, Abraham Weintraub, a preocupa\u00e7\u00e3o do Minist\u00e9rio&hellip; <\/p>\n","protected":false},"author":1,"featured_media":106034,"comment_status":"closed","ping_status":"closed","sticky":false,"template":"","format":"standard","meta":{"sfsi_plus_gutenberg_text_before_share":"","sfsi_plus_gutenberg_show_text_before_share":"","sfsi_plus_gutenberg_icon_type":"","sfsi_plus_gutenberg_icon_alignemt":"","sfsi_plus_gutenburg_max_per_row":"","footnotes":""},"categories":[14],"tags":[],"class_list":["post-120046","post","type-post","status-publish","format-standard","has-post-thumbnail","hentry","category-educacao"],"_links":{"self":[{"href":"https:\/\/www.caririemacao.com\/1\/wp-json\/wp\/v2\/posts\/120046","targetHints":{"allow":["GET"]}}],"collection":[{"href":"https:\/\/www.caririemacao.com\/1\/wp-json\/wp\/v2\/posts"}],"about":[{"href":"https:\/\/www.caririemacao.com\/1\/wp-json\/wp\/v2\/types\/post"}],"author":[{"embeddable":true,"href":"https:\/\/www.caririemacao.com\/1\/wp-json\/wp\/v2\/users\/1"}],"replies":[{"embeddable":true,"href":"https:\/\/www.caririemacao.com\/1\/wp-json\/wp\/v2\/comments?post=120046"}],"version-history":[{"count":1,"href":"https:\/\/www.caririemacao.com\/1\/wp-json\/wp\/v2\/posts\/120046\/revisions"}],"predecessor-version":[{"id":120048,"href":"https:\/\/www.caririemacao.com\/1\/wp-json\/wp\/v2\/posts\/120046\/revisions\/120048"}],"wp:featuredmedia":[{"embeddable":true,"href":"https:\/\/www.caririemacao.com\/1\/wp-json\/wp\/v2\/media\/106034"}],"wp:attachment":[{"href":"https:\/\/www.caririemacao.com\/1\/wp-json\/wp\/v2\/media?parent=120046"}],"wp:term":[{"taxonomy":"category","embeddable":true,"href":"https:\/\/www.caririemacao.com\/1\/wp-json\/wp\/v2\/categories?post=120046"},{"taxonomy":"post_tag","embeddable":true,"href":"https:\/\/www.caririemacao.com\/1\/wp-json\/wp\/v2\/tags?post=120046"}],"curies":[{"name":"wp","href":"https:\/\/api.w.org\/{rel}","templated":true}]}}