{"id":120075,"date":"2019-09-25T09:19:16","date_gmt":"2019-09-25T12:19:16","guid":{"rendered":"http:\/\/www.caririemacao.com\/1\/?p=120075"},"modified":"2019-09-25T09:19:16","modified_gmt":"2019-09-25T12:19:16","slug":"divulgado-edital-para-o-processo-seletivo-do-ibge-com-2-658-vagas","status":"publish","type":"post","link":"https:\/\/www.caririemacao.com\/1\/2019\/09\/25\/divulgado-edital-para-o-processo-seletivo-do-ibge-com-2-658-vagas\/","title":{"rendered":"Divulgado edital para o processo seletivo do IBGE com 2.658 vagas"},"content":{"rendered":"\n<p>O Instituto Brasileiro de Geografia e Estat\u00edstica (IBGE) divulgou nesta quarta-feira (25), o edital para o processo seletivo com 2.658 vagas&nbsp;tempor\u00e1rias para coordenador censit\u00e1rio de sub\u00e1rea e agente censit\u00e1rio operacional.<\/p>\n\n\n\n<p><a href=\"http:\/\/www.in.gov.br\/en\/web\/dou\/-\/edital-n-3-de-23-de-setembro-de-2019-218040019\">Confira o edital<\/a><br><\/p>\n\n\n\n<figure class=\"wp-block-image\"><img decoding=\"async\" data-src=\"https:\/\/www.clickpb.com.br\/media\/filer_public\/16\/61\/16611d40-a34f-479f-bed5-39e2c8365635\/edital_ibge.png\" alt=\"\" src=\"data:image\/svg+xml;base64,PHN2ZyB3aWR0aD0iMSIgaGVpZ2h0PSIxIiB4bWxucz0iaHR0cDovL3d3dy53My5vcmcvMjAwMC9zdmciPjwvc3ZnPg==\" class=\"lazyload\" \/><\/figure>\n\n\n\n<p>Os interessados poder\u00e3o se inscrever a partir das 10h desta quarta (25), at\u00e9 o dia 15 de outubro,&nbsp;<a href=\"https:\/\/www.fgv.br\/fgvprojetos\/concursos\/ibgepss2019\">atrav\u00e9s do site da empresa organizadora<\/a>. As taxas de inscri\u00e7\u00f5es custam R$ 42,50 a R$ 58.&nbsp;<\/p>\n\n\n\n<p>Das vagas oferecidas 1.343 vagas imediatas s\u00e3o para coordenador censit\u00e1rio e 1.315 oportunidades para agente censit\u00e1rio.&nbsp;<\/p>\n\n\n\n<p>Os sal\u00e1rios s\u00e3o de R$ R$ 3.100,00 para coordenador e R$ 1.700,00 para agente. O contrato tem dura\u00e7\u00e3o de 12 meses.<br><\/p>\n\n\n\n<p>As provas ser\u00e3o aplicadas pela banca Funda\u00e7\u00e3o Get\u00falio Vargas (FGV), por\u00e9m a data n\u00e3o foi informada.&nbsp;<\/p>\n","protected":false},"excerpt":{"rendered":"<p>O Instituto Brasileiro de Geografia e Estat\u00edstica (IBGE) divulgou nesta quarta-feira (25), o edital para o processo seletivo com 2.658 vagas&nbsp;tempor\u00e1rias para coordenador censit\u00e1rio de&hellip; <\/p>\n","protected":false},"author":1,"featured_media":120078,"comment_status":"closed","ping_status":"closed","sticky":false,"template":"","format":"standard","meta":{"sfsi_plus_gutenberg_text_before_share":"","sfsi_plus_gutenberg_show_text_before_share":"","sfsi_plus_gutenberg_icon_type":"","sfsi_plus_gutenberg_icon_alignemt":"","sfsi_plus_gutenburg_max_per_row":"","footnotes":""},"categories":[2],"tags":[],"class_list":["post-120075","post","type-post","status-publish","format-standard","has-post-thumbnail","hentry","category-geral"],"_links":{"self":[{"href":"https:\/\/www.caririemacao.com\/1\/wp-json\/wp\/v2\/posts\/120075","targetHints":{"allow":["GET"]}}],"collection":[{"href":"https:\/\/www.caririemacao.com\/1\/wp-json\/wp\/v2\/posts"}],"about":[{"href":"https:\/\/www.caririemacao.com\/1\/wp-json\/wp\/v2\/types\/post"}],"author":[{"embeddable":true,"href":"https:\/\/www.caririemacao.com\/1\/wp-json\/wp\/v2\/users\/1"}],"replies":[{"embeddable":true,"href":"https:\/\/www.caririemacao.com\/1\/wp-json\/wp\/v2\/comments?post=120075"}],"version-history":[{"count":1,"href":"https:\/\/www.caririemacao.com\/1\/wp-json\/wp\/v2\/posts\/120075\/revisions"}],"predecessor-version":[{"id":120079,"href":"https:\/\/www.caririemacao.com\/1\/wp-json\/wp\/v2\/posts\/120075\/revisions\/120079"}],"wp:featuredmedia":[{"embeddable":true,"href":"https:\/\/www.caririemacao.com\/1\/wp-json\/wp\/v2\/media\/120078"}],"wp:attachment":[{"href":"https:\/\/www.caririemacao.com\/1\/wp-json\/wp\/v2\/media?parent=120075"}],"wp:term":[{"taxonomy":"category","embeddable":true,"href":"https:\/\/www.caririemacao.com\/1\/wp-json\/wp\/v2\/categories?post=120075"},{"taxonomy":"post_tag","embeddable":true,"href":"https:\/\/www.caririemacao.com\/1\/wp-json\/wp\/v2\/tags?post=120075"}],"curies":[{"name":"wp","href":"https:\/\/api.w.org\/{rel}","templated":true}]}}