{"id":120120,"date":"2019-09-25T09:32:54","date_gmt":"2019-09-25T12:32:54","guid":{"rendered":"http:\/\/www.caririemacao.com\/1\/?p=120120"},"modified":"2019-09-25T09:32:54","modified_gmt":"2019-09-25T12:32:54","slug":"macron-diz-que-ha-condicoes-para-uma-reuniao-entre-eua-e-ira","status":"publish","type":"post","link":"https:\/\/www.caririemacao.com\/1\/2019\/09\/25\/macron-diz-que-ha-condicoes-para-uma-reuniao-entre-eua-e-ira\/","title":{"rendered":"Macron diz que h\u00e1 condi\u00e7\u00f5es para uma reuni\u00e3o entre EUA e Ir\u00e3"},"content":{"rendered":"\n<p>O presidente franc\u00eas, Emmanuel Macron, afirmou que foram criadas &#8211; nos bastidores da Assembleia Geral das Na\u00e7\u00f5es Unidas em Nova York &#8211; as condi\u00e7\u00f5es para uma reuni\u00e3o de c\u00fapula entre Estados Unidos e Ir\u00e3. Ele disse que o pr\u00f3ximo passo cabe agora aos dois pa\u00edses.<\/p>\n\n\n\n<p>O coment\u00e1rio foi feito ap\u00f3s uma reuni\u00e3o entre Macron e o presidente americano, Donald Trump, e seu encontro trilateral com o premi\u00ea brit\u00e2nico, Boris Johnson, e o presidente iraniano, Hassan Rouhani, nesta ter\u00e7a-feira (24), em Nova York.<\/p>\n\n\n\n<figure class=\"wp-block-image\"><img decoding=\"async\" data-src=\"http:\/\/imagens.ebc.com.br\/_4QnZfWv7wgVJSqFlQDiHOV13jU=\/754x0\/smart\/http:\/\/agenciabrasil.ebc.com.br\/sites\/default\/files\/thumbnails\/image\/2019-08-25t114819z_55631145_rc1eff55ffa0_rtrmadp_3_g7-summit.jpg?itok=ZTrZ--PH\" alt=\"France&#039;s President Emmanuel Macron gestures as he speaks to the press after a plenary session at the Bellevue centre in Biarritz, France August 25, 2019.  Ludovic Marin\/Pool via REUTERS\" src=\"data:image\/svg+xml;base64,PHN2ZyB3aWR0aD0iMSIgaGVpZ2h0PSIxIiB4bWxucz0iaHR0cDovL3d3dy53My5vcmcvMjAwMC9zdmciPjwvc3ZnPg==\" class=\"lazyload\" \/><\/figure>\n\n\n\n<p>Emmanuel Macron disse que Estados Unidos e Ir\u00e3 podem se reunir para debater programa nuclear e fim de san\u00e7\u00f5es&nbsp;&nbsp;&nbsp;&nbsp;<strong>(Arquivo\/<\/strong><strong>REUTERS\/Ludovic Marin\/pool)<\/strong><\/p>\n\n\n\n<p>A agenda para uma poss\u00edvel c\u00fapula entre EUA e Ir\u00e3 deve incluir os programas nuclear e de m\u00edsseis bal\u00edsticos iranianos, bem como a suspens\u00e3o de san\u00e7\u00f5es econ\u00f4micas impostas pelo governo americano.<\/p>\n","protected":false},"excerpt":{"rendered":"<p>O presidente franc\u00eas, Emmanuel Macron, afirmou que foram criadas &#8211; nos bastidores da Assembleia Geral das Na\u00e7\u00f5es Unidas em Nova York &#8211; as condi\u00e7\u00f5es para&hellip; <\/p>\n","protected":false},"author":1,"featured_media":111949,"comment_status":"closed","ping_status":"closed","sticky":false,"template":"","format":"standard","meta":{"sfsi_plus_gutenberg_text_before_share":"","sfsi_plus_gutenberg_show_text_before_share":"","sfsi_plus_gutenberg_icon_type":"","sfsi_plus_gutenberg_icon_alignemt":"","sfsi_plus_gutenburg_max_per_row":"","footnotes":""},"categories":[2],"tags":[],"class_list":["post-120120","post","type-post","status-publish","format-standard","has-post-thumbnail","hentry","category-geral"],"_links":{"self":[{"href":"https:\/\/www.caririemacao.com\/1\/wp-json\/wp\/v2\/posts\/120120","targetHints":{"allow":["GET"]}}],"collection":[{"href":"https:\/\/www.caririemacao.com\/1\/wp-json\/wp\/v2\/posts"}],"about":[{"href":"https:\/\/www.caririemacao.com\/1\/wp-json\/wp\/v2\/types\/post"}],"author":[{"embeddable":true,"href":"https:\/\/www.caririemacao.com\/1\/wp-json\/wp\/v2\/users\/1"}],"replies":[{"embeddable":true,"href":"https:\/\/www.caririemacao.com\/1\/wp-json\/wp\/v2\/comments?post=120120"}],"version-history":[{"count":1,"href":"https:\/\/www.caririemacao.com\/1\/wp-json\/wp\/v2\/posts\/120120\/revisions"}],"predecessor-version":[{"id":120121,"href":"https:\/\/www.caririemacao.com\/1\/wp-json\/wp\/v2\/posts\/120120\/revisions\/120121"}],"wp:featuredmedia":[{"embeddable":true,"href":"https:\/\/www.caririemacao.com\/1\/wp-json\/wp\/v2\/media\/111949"}],"wp:attachment":[{"href":"https:\/\/www.caririemacao.com\/1\/wp-json\/wp\/v2\/media?parent=120120"}],"wp:term":[{"taxonomy":"category","embeddable":true,"href":"https:\/\/www.caririemacao.com\/1\/wp-json\/wp\/v2\/categories?post=120120"},{"taxonomy":"post_tag","embeddable":true,"href":"https:\/\/www.caririemacao.com\/1\/wp-json\/wp\/v2\/tags?post=120120"}],"curies":[{"name":"wp","href":"https:\/\/api.w.org\/{rel}","templated":true}]}}