{"id":120128,"date":"2019-09-25T10:21:13","date_gmt":"2019-09-25T13:21:13","guid":{"rendered":"http:\/\/www.caririemacao.com\/1\/?p=120128"},"modified":"2019-09-25T10:21:13","modified_gmt":"2019-09-25T13:21:13","slug":"fundac-divulga-relacao-de-candidatos-que-tiveram-isencao-de-inscricao-aceita","status":"publish","type":"post","link":"https:\/\/www.caririemacao.com\/1\/2019\/09\/25\/fundac-divulga-relacao-de-candidatos-que-tiveram-isencao-de-inscricao-aceita\/","title":{"rendered":"FUNDAC divulga rela\u00e7\u00e3o de candidatos que tiveram isen\u00e7\u00e3o de inscri\u00e7\u00e3o aceita"},"content":{"rendered":"\n<p>A edi\u00e7\u00e3o desta quarta-feira (25) do Di\u00e1rio Oficial do Estado da Para\u00edba trouxe a publica\u00e7\u00e3o da rela\u00e7\u00e3o preliminar dos pedidos de isen\u00e7\u00e3o que foram deferidos para o concurso p\u00fablico da Funda\u00e7\u00e3o de Desenvolvimento da Crian\u00e7a e Adolescente \u2018Alice de Almeida\u2019 (FUNDAC). O prazo para a solicita\u00e7\u00e3o de isen\u00e7\u00e3o das inscri\u00e7\u00f5es acabou no dia 11 de setembro, de acordo com o edital do certame.<\/p>\n\n\n\n<p>A lista publicada no Di\u00e1rio Oficial de hoje traz a rela\u00e7\u00e3o organizada a partir do cargo, vaga, inscri\u00e7\u00e3o e nome do candidato em ordem alfab\u00e9tica.<\/p>\n\n\n\n<p><a href=\"https:\/\/auniao.pb.gov.br\/servicos\/arquivo-digital\/doe\/2019\/setembro\/diario-oficial-25-09-2019.pdf\">Confira a lista a partir da p\u00e1gina 9 do Di\u00e1rio Oficial do Estado<\/a><br><\/p>\n\n\n\n<p>O candidato que n\u00e3o conseguiu obter o deferimento de seu pedido de isen\u00e7\u00e3o poder\u00e1 recorrer a partir das 8h desta quinta-feira (26) at\u00e9 as 18h desta sexta-feira (27).<\/p>\n\n\n\n<p><a href=\"http:\/\/www.ibade.org.br\/Concurso\/418\/Inicio\">Confira o site da banca organizadora, o IBADE<\/a><br><\/p>\n\n\n\n<p>As inscri\u00e7\u00f5es para o concurso que prev\u00ea a contrata\u00e7\u00e3o de 400 agentes socioeducativos seguem at\u00e9 o dia 7 de outubro. Desse total, 20 vagas s\u00e3o destinadas \u00e0s pessoas com defici\u00eancia. As inscri\u00e7\u00f5es custam R$ 56,00.<\/p>\n\n\n\n<p>A remunera\u00e7\u00e3o inicial ser\u00e1 de R$ 998 (sal\u00e1rio m\u00ednimo vigente), para jornada de trabalho de 40 horas semanais, mais benef\u00edcios do cargo, como Gratifica\u00e7\u00e3o de Atividade Especial e de Risco (R$ 399,20) e aux\u00edlio alimenta\u00e7\u00e3o (R$ 220). Dessa forma, o vencimento chega a R$ 1.617,20 e poder\u00e1 inclusive ser acrescido mais 20% de adicional noturno sobre o valor da hora diurna entre os per\u00edodos de 22h \u00e0s 5h para os agentes que forem designados para o plant\u00e3o noturno.<\/p>\n\n\n\n<p>As provas objetivas est\u00e3o previstas para acontecerem no dia 27 de outubro. Al\u00e9m das provas objetivas de conhecimentos gerais e espec\u00edficos, tamb\u00e9m haver\u00e1 avalia\u00e7\u00e3o de t\u00edtulos, prova de capacidade f\u00edsica, exame psicot\u00e9cnico e curso de forma\u00e7\u00e3o profissional.<\/p>\n","protected":false},"excerpt":{"rendered":"<p>A edi\u00e7\u00e3o desta quarta-feira (25) do Di\u00e1rio Oficial do Estado da Para\u00edba trouxe a publica\u00e7\u00e3o da rela\u00e7\u00e3o preliminar dos pedidos de isen\u00e7\u00e3o que foram deferidos&hellip; <\/p>\n","protected":false},"author":1,"featured_media":120130,"comment_status":"closed","ping_status":"closed","sticky":false,"template":"","format":"standard","meta":{"sfsi_plus_gutenberg_text_before_share":"","sfsi_plus_gutenberg_show_text_before_share":"","sfsi_plus_gutenberg_icon_type":"","sfsi_plus_gutenberg_icon_alignemt":"","sfsi_plus_gutenburg_max_per_row":"","footnotes":""},"categories":[2],"tags":[],"class_list":["post-120128","post","type-post","status-publish","format-standard","has-post-thumbnail","hentry","category-geral"],"_links":{"self":[{"href":"https:\/\/www.caririemacao.com\/1\/wp-json\/wp\/v2\/posts\/120128","targetHints":{"allow":["GET"]}}],"collection":[{"href":"https:\/\/www.caririemacao.com\/1\/wp-json\/wp\/v2\/posts"}],"about":[{"href":"https:\/\/www.caririemacao.com\/1\/wp-json\/wp\/v2\/types\/post"}],"author":[{"embeddable":true,"href":"https:\/\/www.caririemacao.com\/1\/wp-json\/wp\/v2\/users\/1"}],"replies":[{"embeddable":true,"href":"https:\/\/www.caririemacao.com\/1\/wp-json\/wp\/v2\/comments?post=120128"}],"version-history":[{"count":1,"href":"https:\/\/www.caririemacao.com\/1\/wp-json\/wp\/v2\/posts\/120128\/revisions"}],"predecessor-version":[{"id":120131,"href":"https:\/\/www.caririemacao.com\/1\/wp-json\/wp\/v2\/posts\/120128\/revisions\/120131"}],"wp:featuredmedia":[{"embeddable":true,"href":"https:\/\/www.caririemacao.com\/1\/wp-json\/wp\/v2\/media\/120130"}],"wp:attachment":[{"href":"https:\/\/www.caririemacao.com\/1\/wp-json\/wp\/v2\/media?parent=120128"}],"wp:term":[{"taxonomy":"category","embeddable":true,"href":"https:\/\/www.caririemacao.com\/1\/wp-json\/wp\/v2\/categories?post=120128"},{"taxonomy":"post_tag","embeddable":true,"href":"https:\/\/www.caririemacao.com\/1\/wp-json\/wp\/v2\/tags?post=120128"}],"curies":[{"name":"wp","href":"https:\/\/api.w.org\/{rel}","templated":true}]}}