{"id":120140,"date":"2019-09-25T10:24:41","date_gmt":"2019-09-25T13:24:41","guid":{"rendered":"http:\/\/www.caririemacao.com\/1\/?p=120140"},"modified":"2019-09-25T10:24:41","modified_gmt":"2019-09-25T13:24:41","slug":"percentual-de-municipios-com-museus-e-bibliotecas-caiu-em-4-anos","status":"publish","type":"post","link":"https:\/\/www.caririemacao.com\/1\/2019\/09\/25\/percentual-de-municipios-com-museus-e-bibliotecas-caiu-em-4-anos\/","title":{"rendered":"Percentual de munic\u00edpios com museus e bibliotecas caiu em 4 anos"},"content":{"rendered":"\n<p>A presen\u00e7a de museus e bibliotecas em munic\u00edpios brasileiros \u00e9 menor do que h\u00e1 quatro anos. \u00c9 o que revela a Pesquisa de Informa\u00e7\u00f5es B\u00e1sicas Municipais e Estaduais (Munic), divulgada hoje (25) pelo Instituto Brasileiro de Geografia e Estat\u00edstica (IBGE). O \u00f3rg\u00e3o tra\u00e7ou um perfil dos munic\u00edpios e estados do pa\u00eds em 2018, reunindo dados sobre recursos humanos, gest\u00e3o, cultura, sa\u00fade, assist\u00eancia social, seguran\u00e7a alimentar, pol\u00edtica para mulheres, migra\u00e7\u00e3o e outros.De acordo com o levantamento, no ano passado, 25,9% dos munic\u00edpios do pa\u00eds possu\u00edam museus. Em 2014, esse percentual era de 27,2%. Em rela\u00e7\u00e3o \u00e0s bibliotecas, o percentual caiu de 97,1% em 2014, para 87,7% no ano passado. Al\u00e9m disso, caiu tamb\u00e9m o n\u00famero de munic\u00edpios com bibliotecas em obras de implanta\u00e7\u00e3o, reforma ou moderniza\u00e7\u00e3o. O percentual passou de 44,2% em 2014, para 36,9% no ano passado.&#8221;Tamb\u00e9m os equipamentos sob responsabilidade dos governos estaduais, com exce\u00e7\u00e3o das bibliotecas que se mantiveram em n\u00famero est\u00e1vel, apresentaram redu\u00e7\u00e3o: museus, teatros, centros culturais, arquivos p\u00fablicos, est\u00e1dios e centros de artesanato&#8221;, diz a gerente da pequisa, V\u00e2nia Maria Pacheco.<\/p>\n\n\n\n<figure class=\"wp-block-image\"><img fetchpriority=\"high\" decoding=\"async\" width=\"300\" height=\"200\" src=\"http:\/\/www.caririemacao.com\/1\/wp-content\/uploads\/2019\/09\/image-2.jpeg\" alt=\"\" class=\"wp-image-120141\"\/><\/figure>\n\n\n\n<p>O percentual de munic\u00edpios com bibliotecas caiu de 97,1% em 2014 para 87,7% no ano passado &#8211; Tomaz\/Ag\u00eancia BrasilPela primeira vez em uma Pesquisa de Informa\u00e7\u00f5es B\u00e1sicas Municipais e Estaduais, o IBGE investigou a quantidade de bens tombados por legisla\u00e7\u00e3o municipal. Em 2018, foram contabilizados 28.421. No entanto, apenas 17,8% dos munic\u00edpios transferiram recursos para esses bens.Ao mesmo tempo em que revela que houve fechamento de museus e bibliotecas em alguns munic\u00edpios, a pesquisa tamb\u00e9m mostra que iniciativas de apoio financeiro a atividades culturais variaram positivamente entre 2014 e 2018. Essas iniciativas foram majoritariamente eventos, realizados em 75,7% dos munic\u00edpios em 2018, mais que os 60,2% registrados em 2014.O levantamento mostra que 96% dos munic\u00edpios tem alguma estrutura da gest\u00e3o municipal de cultura. Al\u00e9m disso, 31,8% das cidades possuem legisla\u00e7\u00e3o de prote\u00e7\u00e3o de patrim\u00f4nio, o que representa um avan\u00e7o em rela\u00e7\u00e3o aos 27,2% observados em 2014.O IBGE apurou tamb\u00e9m que 20 das 27 unidades federativas possuem secretarias exclusivas de gest\u00e3o cultural. H\u00e1 um plano estadual de cultura em 17 delas e, em outras sete, ele estava em processo de elabora\u00e7\u00e3o quando a pesquisa foi realizada no ano passado. Somente Amap\u00e1 e Para\u00edba n\u00e3o contavam, na ocasi\u00e3o, com fundo estadual de cultura. Todos os estados tinham bibliotecas p\u00fablicas.<\/p>\n\n\n\n<figure class=\"wp-block-image\"><img decoding=\"async\" width=\"300\" height=\"945\" data-src=\"http:\/\/www.caririemacao.com\/1\/wp-content\/uploads\/2019\/09\/image-3.jpeg\" alt=\"\" class=\"wp-image-120142 lazyload\" data-srcset=\"https:\/\/www.caririemacao.com\/1\/wp-content\/uploads\/2019\/09\/image-3.jpeg 300w, https:\/\/www.caririemacao.com\/1\/wp-content\/uploads\/2019\/09\/image-3-95x300.jpeg 95w\" data-sizes=\"(max-width: 300px) 100vw, 300px\" src=\"data:image\/svg+xml;base64,PHN2ZyB3aWR0aD0iMSIgaGVpZ2h0PSIxIiB4bWxucz0iaHR0cDovL3d3dy53My5vcmcvMjAwMC9zdmciPjwvc3ZnPg==\" style=\"--smush-placeholder-width: 300px; --smush-placeholder-aspect-ratio: 300\/945;\" \/><\/figure>\n\n\n\n<p>Fonte: IBGE &#8211; Arte EBC<em>*Colaborou L\u00edgia Souto &#8211; Rep\u00f3rter da R\u00e1dio Nacional do Rio de Janeiro<\/em><\/p>\n","protected":false},"excerpt":{"rendered":"<p>A presen\u00e7a de museus e bibliotecas em munic\u00edpios brasileiros \u00e9 menor do que h\u00e1 quatro anos. \u00c9 o que revela a Pesquisa de Informa\u00e7\u00f5es B\u00e1sicas&hellip; <\/p>\n","protected":false},"author":1,"featured_media":120142,"comment_status":"closed","ping_status":"closed","sticky":false,"template":"","format":"standard","meta":{"sfsi_plus_gutenberg_text_before_share":"","sfsi_plus_gutenberg_show_text_before_share":"","sfsi_plus_gutenberg_icon_type":"","sfsi_plus_gutenberg_icon_alignemt":"","sfsi_plus_gutenburg_max_per_row":"","footnotes":""},"categories":[2],"tags":[],"class_list":["post-120140","post","type-post","status-publish","format-standard","has-post-thumbnail","hentry","category-geral"],"_links":{"self":[{"href":"https:\/\/www.caririemacao.com\/1\/wp-json\/wp\/v2\/posts\/120140","targetHints":{"allow":["GET"]}}],"collection":[{"href":"https:\/\/www.caririemacao.com\/1\/wp-json\/wp\/v2\/posts"}],"about":[{"href":"https:\/\/www.caririemacao.com\/1\/wp-json\/wp\/v2\/types\/post"}],"author":[{"embeddable":true,"href":"https:\/\/www.caririemacao.com\/1\/wp-json\/wp\/v2\/users\/1"}],"replies":[{"embeddable":true,"href":"https:\/\/www.caririemacao.com\/1\/wp-json\/wp\/v2\/comments?post=120140"}],"version-history":[{"count":1,"href":"https:\/\/www.caririemacao.com\/1\/wp-json\/wp\/v2\/posts\/120140\/revisions"}],"predecessor-version":[{"id":120144,"href":"https:\/\/www.caririemacao.com\/1\/wp-json\/wp\/v2\/posts\/120140\/revisions\/120144"}],"wp:featuredmedia":[{"embeddable":true,"href":"https:\/\/www.caririemacao.com\/1\/wp-json\/wp\/v2\/media\/120142"}],"wp:attachment":[{"href":"https:\/\/www.caririemacao.com\/1\/wp-json\/wp\/v2\/media?parent=120140"}],"wp:term":[{"taxonomy":"category","embeddable":true,"href":"https:\/\/www.caririemacao.com\/1\/wp-json\/wp\/v2\/categories?post=120140"},{"taxonomy":"post_tag","embeddable":true,"href":"https:\/\/www.caririemacao.com\/1\/wp-json\/wp\/v2\/tags?post=120140"}],"curies":[{"name":"wp","href":"https:\/\/api.w.org\/{rel}","templated":true}]}}