{"id":120153,"date":"2019-09-25T10:27:58","date_gmt":"2019-09-25T13:27:58","guid":{"rendered":"http:\/\/www.caririemacao.com\/1\/?p=120153"},"modified":"2019-09-25T10:27:58","modified_gmt":"2019-09-25T13:27:58","slug":"exclusivo-policia-realiza-maior-apreensao-de-motos-roubadas-da-historia-de-taperoa","status":"publish","type":"post","link":"https:\/\/www.caririemacao.com\/1\/2019\/09\/25\/exclusivo-policia-realiza-maior-apreensao-de-motos-roubadas-da-historia-de-taperoa\/","title":{"rendered":"EXCLUSIVO: Pol\u00edcia realiza maior apreens\u00e3o de motos roubadas da hist\u00f3ria de Tapero\u00e1"},"content":{"rendered":"\n<p>A\u00e7\u00e3o da Policia Militar no fim da tarde desta ultima ter\u00e7a-feira (24), em Tapero\u00e1, cidade do Cariri da Para\u00edba apreendeu o maior n\u00famero de motocicletas roubadas da hist\u00f3ria do munic\u00edpio.<\/p>\n\n\n\n<p>A PM apreendeu 10 motocicletas, sendo, tr\u00eas Bros, tr\u00eas Titan 150, uma Titan 160, uma Fan 160, uma Biz, e uma Pop, as motos ainda ser\u00e3o periciadas, mas j\u00e1 se sabe que a maioria \u00e9 produto de roubo.<\/p>\n\n\n\n<p>Al\u00e9m das apreens\u00f5es, foi realizada uma pris\u00e3o, segundo informa\u00e7\u00f5es apuradas pelo portal Para\u00edba Mix, o acusado estava em uma das Bros, que foi identificada como roubada, provavelmente de um motot\u00e1xi, pois a mesma ainda possui o nome da atividade e da prefeitura na carenagem.<\/p>\n\n\n\n<p>O suspeito \u00e9 do munic\u00edpio de Livramento, mas estava morando em uma casa alugada na cidade de Tapero\u00e1, segundo informa\u00e7\u00f5es, ele estava se escondendo.<\/p>\n\n\n\n<p>Em contato com a equipe do Para\u00edba Mix, o Delegado respons\u00e1vel pelo caso, Dr Ariosvaldo Adelino disse que a a\u00e7\u00e3o foi um trabalho em conjunto da Policia Militar com a Policia Civil, com o intuito de apreender motocicletas roubadas, e obtiveram \u00eaxito.<\/p>\n","protected":false},"excerpt":{"rendered":"<p>A\u00e7\u00e3o da Policia Militar no fim da tarde desta ultima ter\u00e7a-feira (24), em Tapero\u00e1, cidade do Cariri da Para\u00edba apreendeu o maior n\u00famero de motocicletas&hellip; <\/p>\n","protected":false},"author":1,"featured_media":120156,"comment_status":"closed","ping_status":"closed","sticky":false,"template":"","format":"standard","meta":{"sfsi_plus_gutenberg_text_before_share":"","sfsi_plus_gutenberg_show_text_before_share":"","sfsi_plus_gutenberg_icon_type":"","sfsi_plus_gutenberg_icon_alignemt":"","sfsi_plus_gutenburg_max_per_row":"","footnotes":""},"categories":[12],"tags":[],"class_list":["post-120153","post","type-post","status-publish","format-standard","has-post-thumbnail","hentry","category-policia"],"_links":{"self":[{"href":"https:\/\/www.caririemacao.com\/1\/wp-json\/wp\/v2\/posts\/120153","targetHints":{"allow":["GET"]}}],"collection":[{"href":"https:\/\/www.caririemacao.com\/1\/wp-json\/wp\/v2\/posts"}],"about":[{"href":"https:\/\/www.caririemacao.com\/1\/wp-json\/wp\/v2\/types\/post"}],"author":[{"embeddable":true,"href":"https:\/\/www.caririemacao.com\/1\/wp-json\/wp\/v2\/users\/1"}],"replies":[{"embeddable":true,"href":"https:\/\/www.caririemacao.com\/1\/wp-json\/wp\/v2\/comments?post=120153"}],"version-history":[{"count":1,"href":"https:\/\/www.caririemacao.com\/1\/wp-json\/wp\/v2\/posts\/120153\/revisions"}],"predecessor-version":[{"id":120157,"href":"https:\/\/www.caririemacao.com\/1\/wp-json\/wp\/v2\/posts\/120153\/revisions\/120157"}],"wp:featuredmedia":[{"embeddable":true,"href":"https:\/\/www.caririemacao.com\/1\/wp-json\/wp\/v2\/media\/120156"}],"wp:attachment":[{"href":"https:\/\/www.caririemacao.com\/1\/wp-json\/wp\/v2\/media?parent=120153"}],"wp:term":[{"taxonomy":"category","embeddable":true,"href":"https:\/\/www.caririemacao.com\/1\/wp-json\/wp\/v2\/categories?post=120153"},{"taxonomy":"post_tag","embeddable":true,"href":"https:\/\/www.caririemacao.com\/1\/wp-json\/wp\/v2\/tags?post=120153"}],"curies":[{"name":"wp","href":"https:\/\/api.w.org\/{rel}","templated":true}]}}