{"id":120155,"date":"2019-09-25T10:32:23","date_gmt":"2019-09-25T13:32:23","guid":{"rendered":"http:\/\/www.caririemacao.com\/1\/?p=120155"},"modified":"2019-09-25T10:32:23","modified_gmt":"2019-09-25T13:32:23","slug":"comando-do-11o-bpm-em-monteiro-recebe-visita-da-justica-federal-e-mpf","status":"publish","type":"post","link":"https:\/\/www.caririemacao.com\/1\/2019\/09\/25\/comando-do-11o-bpm-em-monteiro-recebe-visita-da-justica-federal-e-mpf\/","title":{"rendered":"Comando do 11\u00ba BPM em Monteiro recebe visita da Justi\u00e7a Federal e MPF"},"content":{"rendered":"\n<p>O comandante do 11\u00b0Batalh\u00e3o de Pol\u00edcia Militar, o Major\nAdalireno Samaroni Delgado da Costa, recebeu nesta ter\u00e7a-feira, dia 24, membros\nda Justi\u00e7a Federal e do Minist\u00e9rio P\u00fablico Federal visando fortalecer o\ntrabalho de integra\u00e7\u00e3o j\u00e1 realizado entre as institui\u00e7\u00f5es. <\/p>\n\n\n\n<p>Participaram desta visita os magistrados Dr. Bruno Teixeira\nde Paiva e o Dr. Rodrigo Maia da Fonte, bem como, as procuradoras da Rep\u00fablica,\nDra. Katia Rosana, Dra. Jana\u00edna Andrade, os supervisores de seguran\u00e7a, major\nFlaubert Wesley e os senhores Wellington e Jos\u00e9 Carlos.<\/p>\n\n\n\n<p>\u201cEsse trabalho integrado que vem sendo desenvolvido entre\nessas institui\u00e7\u00f5es, beneficia ainda mais a popula\u00e7\u00e3o da \u00e1rea territorial deste\nBatalh\u00e3o\u201d, comentou o comandante.<\/p>\n\n\n\n<p>Na oportunidade, foram discutidos acordos e parcerias entre\nesta Unidade Operacional e os demais \u00f3rg\u00e3os ora citados, sendo veiculada a\npossibilidade de expans\u00e3o destas parcerias para as demais Unidades Operacionais\ndo Estado.<\/p>\n","protected":false},"excerpt":{"rendered":"<p>O comandante do 11\u00b0Batalh\u00e3o de Pol\u00edcia Militar, o Major Adalireno Samaroni Delgado da Costa, recebeu nesta ter\u00e7a-feira, dia 24, membros da Justi\u00e7a Federal e do&hellip; <\/p>\n","protected":false},"author":2,"featured_media":120170,"comment_status":"closed","ping_status":"closed","sticky":false,"template":"","format":"standard","meta":{"sfsi_plus_gutenberg_text_before_share":"","sfsi_plus_gutenberg_show_text_before_share":"","sfsi_plus_gutenberg_icon_type":"","sfsi_plus_gutenberg_icon_alignemt":"","sfsi_plus_gutenburg_max_per_row":"","footnotes":""},"categories":[50,2],"tags":[],"class_list":["post-120155","post","type-post","status-publish","format-standard","has-post-thumbnail","hentry","category-destaque","category-geral"],"_links":{"self":[{"href":"https:\/\/www.caririemacao.com\/1\/wp-json\/wp\/v2\/posts\/120155","targetHints":{"allow":["GET"]}}],"collection":[{"href":"https:\/\/www.caririemacao.com\/1\/wp-json\/wp\/v2\/posts"}],"about":[{"href":"https:\/\/www.caririemacao.com\/1\/wp-json\/wp\/v2\/types\/post"}],"author":[{"embeddable":true,"href":"https:\/\/www.caririemacao.com\/1\/wp-json\/wp\/v2\/users\/2"}],"replies":[{"embeddable":true,"href":"https:\/\/www.caririemacao.com\/1\/wp-json\/wp\/v2\/comments?post=120155"}],"version-history":[{"count":1,"href":"https:\/\/www.caririemacao.com\/1\/wp-json\/wp\/v2\/posts\/120155\/revisions"}],"predecessor-version":[{"id":120171,"href":"https:\/\/www.caririemacao.com\/1\/wp-json\/wp\/v2\/posts\/120155\/revisions\/120171"}],"wp:featuredmedia":[{"embeddable":true,"href":"https:\/\/www.caririemacao.com\/1\/wp-json\/wp\/v2\/media\/120170"}],"wp:attachment":[{"href":"https:\/\/www.caririemacao.com\/1\/wp-json\/wp\/v2\/media?parent=120155"}],"wp:term":[{"taxonomy":"category","embeddable":true,"href":"https:\/\/www.caririemacao.com\/1\/wp-json\/wp\/v2\/categories?post=120155"},{"taxonomy":"post_tag","embeddable":true,"href":"https:\/\/www.caririemacao.com\/1\/wp-json\/wp\/v2\/tags?post=120155"}],"curies":[{"name":"wp","href":"https:\/\/api.w.org\/{rel}","templated":true}]}}