{"id":120168,"date":"2019-09-25T10:33:35","date_gmt":"2019-09-25T13:33:35","guid":{"rendered":"http:\/\/www.caririemacao.com\/1\/?p=120168"},"modified":"2019-09-25T10:33:35","modified_gmt":"2019-09-25T13:33:35","slug":"mulheres-dominam-gestao-da-educacao-em-municipios-e-homens-nos-estados","status":"publish","type":"post","link":"https:\/\/www.caririemacao.com\/1\/2019\/09\/25\/mulheres-dominam-gestao-da-educacao-em-municipios-e-homens-nos-estados\/","title":{"rendered":"Mulheres dominam gest\u00e3o da educa\u00e7\u00e3o em munic\u00edpios e homens nos estados"},"content":{"rendered":"\n<p>Em 70,1% dos munic\u00edpios brasileiros, a gest\u00e3o da educa\u00e7\u00e3o est\u00e1 sob a responsabilidade de uma mulher. Em 59,7%, ela \u00e9 comandada por uma mulher de cor branca. Por outro lado, em 16 das 27 unidades federativas, a titularidade da secretaria respons\u00e1vel pela educa\u00e7\u00e3o \u00e9 exercida por homem. Em tr\u00eas estados, a pol\u00edtica educacional n\u00e3o \u00e9 executada por uma pasta espec\u00edfica: em Goi\u00e1s, Tocantins e Acre, as secretarias que cuidam do tema acumulam ainda a gest\u00e3o de outras \u00e1reas como cultura, esporte e juventude.<\/p>\n\n\n\n<p>Dados sobre g\u00eanero na gest\u00e3o educacional do pa\u00eds foram divulgados hoje (25) pelo Instituto Brasileiro de Geografia e Estat\u00edstica (IBGE). Eles integram a Pesquisa de Informa\u00e7\u00f5es B\u00e1sicas Municipais e Estaduais (Munic), que traz o perfil dos munic\u00edpios e estados do pa\u00eds em 2018 e aborda temas variados. Al\u00e9m de educa\u00e7\u00e3o, h\u00e1 informa\u00e7\u00f5es sobre recursos humanos, gest\u00e3o, cultura, sa\u00fade, assist\u00eancia social, seguran\u00e7a alimentar, pol\u00edtica para mulheres, migra\u00e7\u00e3o e outros.<\/p>\n\n\n\n<p>&#8220;Em mais de 90% dos munic\u00edpios, h\u00e1 uma secretaria municipal para a educa\u00e7\u00e3o, ainda que em conjunto com outra \u00e1rea&#8221;, observa a gerente da pequisa V\u00e2nia Maria Pacheco. O IBGE tamb\u00e9m constatou que os gestores municipais est\u00e3o formalmente mais qualificados. No ano passado, 69,6% deles traziam no curr\u00edculo cursos de p\u00f3s-gradua\u00e7\u00e3o. Em 2014, esse percentual subiu para 65,2%. Nos estados, apenas quatro secret\u00e1rios n\u00e3o possuem p\u00f3s-gradua\u00e7\u00e3o.<\/p>\n\n\n\n<p>O levantamento revelou ainda uma leve queda na indica\u00e7\u00e3o pol\u00edtica de diretores de escolas da rede municipal. Isso ocorreu em 69,5% dos munic\u00edpios no ano de 2018, menos que os 74,4% constatados h\u00e1 quatro anos.<\/p>\n\n\n\n<p>Na avalia\u00e7\u00e3o estadual, Roraima e Maranh\u00e3o adotaram exclusivamente indica\u00e7\u00e3o pol\u00edtica para a escolha de diretores das escola da rede estadual. S\u00e3o Paulo, por outro lado, foi a \u00fanica unidade da federa\u00e7\u00e3o que recorreu apenas a concurso p\u00fablico para selecionar diretores. Rio Grande do Norte, Bahia, Minas Gerais, Rio de Janeiro, Mato Grosso do Sul, Goi\u00e1s e Distrito Federal realizaram elei\u00e7\u00f5es.<\/p>\n\n\n\n<p>&#8220;O concurso p\u00fablico \u00e9 diferente de qualquer processo seletivo. Um processo seletivo pode ocorrer envolvendo s\u00f3 as pessoas daquela escola ou da regi\u00e3o administrativa onde fica a escola. O concurso p\u00fablico \u00e9 aberto, mas exigindo alguns pr\u00e9-requisitos dos candidatos&#8221;, explica V\u00e2nia.<\/p>\n\n\n\n<p>Outro dado apontado pela pesquisa \u00e9 o crescimento do n\u00famero de munic\u00edpios com conselhos municipais de Educa\u00e7\u00e3o: saiu de 67,6% em 2006 para 92,8% em 2018. Por sua vez, todas as 27 unidades federativas possu\u00edam Conselho Estadual de Educa\u00e7\u00e3o, Conselho Estadual de Controle e Acompanhamento do Fundeb e Conselho Estadual de Alimenta\u00e7\u00e3o Escolar.<\/p>\n\n\n\n<p>No entanto, somente o Par\u00e1 e o Distrito Federal capacitam regularmente os conselheiros do Conselho Estadual de Educa\u00e7\u00e3o. Al\u00e9m disso, cinco estados ainda n\u00e3o possu\u00edam, em 2018, leis que estabelecem a cria\u00e7\u00e3o de conselhos escolares: Amazonas, Roraima, Cear\u00e1, Minas Gerais e Goi\u00e1s.<\/p>\n\n\n\n<h2 class=\"wp-block-heading\">Sa\u00fade e migra\u00e7\u00e3o<\/h2>\n\n\n\n<p>Em rela\u00e7\u00e3o \u00e0 sa\u00fade, a pesquisa revelou que 3.013 estabelecimentos de sa\u00fade vinculados aos munic\u00edpios brasileiros, o que representa 13,2% do total, tinham no ano passado administra\u00e7\u00e3o terceirizada. As organiza\u00e7\u00f5es sociais respondem pela gest\u00e3o de 58,3% desses 3.013 estabelecimentos. Outros 15% est\u00e3o sob responsabilidade de empresas privadas, 11% de cons\u00f3rcios p\u00fablicos e 9,4% de funda\u00e7\u00f5es.<\/p>\n\n\n\n<p>De acordo com os dados de 2018 apurados pelo IBGE, em 60,7% dos munic\u00edpios, usu\u00e1rios da aten\u00e7\u00e3o b\u00e1sica s\u00e3o encaminhados a outras cidades caso necessitem de interna\u00e7\u00e3o. Em 55,3%, o encaminhamento tamb\u00e9m \u00e9 necess\u00e1rio para realiza\u00e7\u00e3o de exames. Por outro lado, 91,9% dos munic\u00edpios informam oferecer atendimento de emerg\u00eancia.<\/p>\n\n\n\n<p>A pesquisa mostra que todos os 27 governos estaduais possuem uma secretaria exclusiva para executar a pol\u00edtica de sa\u00fade. Apenas em Para\u00edba e Mato Grosso, a pasta era comandada por uma mulher em 2018. Al\u00e9m disso, 12 dos 27 secret\u00e1rio tinham forma\u00e7\u00e3o m\u00e9dica. Administra\u00e7\u00e3o, direito e enfermagem tamb\u00e9m est\u00e3o entre as forma\u00e7\u00e3o dos gestores estaduais.<\/p>\n\n\n\n<p>O IBGE tamb\u00e9m pesquisou, pela primeira vez, a exist\u00eancia de instrumentos de gest\u00e3o migrat\u00f3ria. Nos 3.876 munic\u00edpios onde h\u00e1 presen\u00e7a de migrantes, refugiados ou solicitantes de ref\u00fagio, apenas 215 oferecem os servi\u00e7os investigados: 48 munic\u00edpios oferecem ensino de portugu\u00eas, 25 possuem atendimento multil\u00edngue nos servi\u00e7os p\u00fablicos e 58 contavam com abrigo para acolhimento.<\/p>\n\n\n\n<p>No cen\u00e1rio estadual, apenas 11 unidades da federa\u00e7\u00e3o oferecem curso permanente de portugu\u00eas para imigrantes ou refugiados: Amazonas, Maranh\u00e3o, Cear\u00e1, Sergipe, Rio de Janeiro, S\u00e3o Paulo, Paran\u00e1, Santa Catarina, Rio Grande do Sul, Mato Grosso e Mato Grosso do Sul.<\/p>\n\n\n\n<p>&#8220;A gente v\u00ea a cada dia que passa que o Brasil vem tendo um fluxo grande de migrantes em v\u00e1rios de seus estados. \u00c9 natural que n\u00f3s tent\u00e1ssemos conhecer um pouco das estruturas subsistentes nos munic\u00edpios, se \u00e9 que existiam, para receber esses migrantes. Foi com essa inten\u00e7\u00e3o que inclu\u00edmos na pesquisa. Para fornecer elementos que permitam avaliar se os munic\u00edpios est\u00e3o preparados&#8221;, disse V\u00e2nia.<\/p>\n\n\n\n<figure class=\"wp-block-image\"><img decoding=\"async\" data-src=\"http:\/\/imagens.ebc.com.br\/V8QF_pFPKfAMFQ6-dFF4qLV76i0=\/754x0\/smart\/http:\/\/agenciabrasil.ebc.com.br\/sites\/default\/files\/thumbnails\/image\/infografico_gestao-migratoria_abr.png?itok=X0ZbDa18\" alt=\"Fonte: IBGE\" src=\"data:image\/svg+xml;base64,PHN2ZyB3aWR0aD0iMSIgaGVpZ2h0PSIxIiB4bWxucz0iaHR0cDovL3d3dy53My5vcmcvMjAwMC9zdmciPjwvc3ZnPg==\" class=\"lazyload\" \/><\/figure>\n","protected":false},"excerpt":{"rendered":"<p>Em 70,1% dos munic\u00edpios brasileiros, a gest\u00e3o da educa\u00e7\u00e3o est\u00e1 sob a responsabilidade de uma mulher. Em 59,7%, ela \u00e9 comandada por uma mulher de&hellip; <\/p>\n","protected":false},"author":1,"featured_media":78695,"comment_status":"closed","ping_status":"closed","sticky":false,"template":"","format":"standard","meta":{"sfsi_plus_gutenberg_text_before_share":"","sfsi_plus_gutenberg_show_text_before_share":"","sfsi_plus_gutenberg_icon_type":"","sfsi_plus_gutenberg_icon_alignemt":"","sfsi_plus_gutenburg_max_per_row":"","footnotes":""},"categories":[2],"tags":[],"class_list":["post-120168","post","type-post","status-publish","format-standard","has-post-thumbnail","hentry","category-geral"],"_links":{"self":[{"href":"https:\/\/www.caririemacao.com\/1\/wp-json\/wp\/v2\/posts\/120168","targetHints":{"allow":["GET"]}}],"collection":[{"href":"https:\/\/www.caririemacao.com\/1\/wp-json\/wp\/v2\/posts"}],"about":[{"href":"https:\/\/www.caririemacao.com\/1\/wp-json\/wp\/v2\/types\/post"}],"author":[{"embeddable":true,"href":"https:\/\/www.caririemacao.com\/1\/wp-json\/wp\/v2\/users\/1"}],"replies":[{"embeddable":true,"href":"https:\/\/www.caririemacao.com\/1\/wp-json\/wp\/v2\/comments?post=120168"}],"version-history":[{"count":1,"href":"https:\/\/www.caririemacao.com\/1\/wp-json\/wp\/v2\/posts\/120168\/revisions"}],"predecessor-version":[{"id":120172,"href":"https:\/\/www.caririemacao.com\/1\/wp-json\/wp\/v2\/posts\/120168\/revisions\/120172"}],"wp:featuredmedia":[{"embeddable":true,"href":"https:\/\/www.caririemacao.com\/1\/wp-json\/wp\/v2\/media\/78695"}],"wp:attachment":[{"href":"https:\/\/www.caririemacao.com\/1\/wp-json\/wp\/v2\/media?parent=120168"}],"wp:term":[{"taxonomy":"category","embeddable":true,"href":"https:\/\/www.caririemacao.com\/1\/wp-json\/wp\/v2\/categories?post=120168"},{"taxonomy":"post_tag","embeddable":true,"href":"https:\/\/www.caririemacao.com\/1\/wp-json\/wp\/v2\/tags?post=120168"}],"curies":[{"name":"wp","href":"https:\/\/api.w.org\/{rel}","templated":true}]}}