{"id":120184,"date":"2019-09-25T10:47:58","date_gmt":"2019-09-25T13:47:58","guid":{"rendered":"http:\/\/www.caririemacao.com\/1\/?p=120184"},"modified":"2019-09-25T10:47:58","modified_gmt":"2019-09-25T13:47:58","slug":"no-cariri-pm-captura-suspeito-com-mandado-de-prisao-em-aberto-em-operacao-blitz","status":"publish","type":"post","link":"https:\/\/www.caririemacao.com\/1\/2019\/09\/25\/no-cariri-pm-captura-suspeito-com-mandado-de-prisao-em-aberto-em-operacao-blitz\/","title":{"rendered":"NO CARIRI: PM captura suspeito com mandado de pris\u00e3o em aberto em Opera\u00e7\u00e3o Blitz"},"content":{"rendered":"\n<p>Nesta ter\u00e7a-feira, dia 24, por volta das 18h, policiais do\n11\u00ba Batalh\u00e3o de Pol\u00edcia Militar da Para\u00edba em opera\u00e7\u00e3o Blitz, no trevo que d\u00e1\nacesso \u00e0 cidade da Prata-PB, no local conhecido como S\u00edtio do Ranchos dos\nNegros, capturam suspeito com mandado de pris\u00e3o em aberto.<\/p>\n\n\n\n<p>A PM abordou o ve\u00edculo que trafegava no local e ao realizar\numa busca no sistema INFOSEG a fim de verificar mais dados sobre os ocupantes\ndo ve\u00edculo, verificou-se que havia um mandado de pris\u00e3o em aberto em desfavor\ndo condutor J\u00falio Cesar dos Santos Rafael, o qual foi dado voz de pris\u00e3o, e\nencaminhado para a Delegacia de Pol\u00edcia Civil de Monteiro onde foram tomadas as\nmedidas.<\/p>\n","protected":false},"excerpt":{"rendered":"<p>Nesta ter\u00e7a-feira, dia 24, por volta das 18h, policiais do 11\u00ba Batalh\u00e3o de Pol\u00edcia Militar da Para\u00edba em opera\u00e7\u00e3o Blitz, no trevo que d\u00e1 acesso&hellip; <\/p>\n","protected":false},"author":2,"featured_media":120185,"comment_status":"closed","ping_status":"closed","sticky":false,"template":"","format":"standard","meta":{"sfsi_plus_gutenberg_text_before_share":"","sfsi_plus_gutenberg_show_text_before_share":"","sfsi_plus_gutenberg_icon_type":"","sfsi_plus_gutenberg_icon_alignemt":"","sfsi_plus_gutenburg_max_per_row":"","footnotes":""},"categories":[50,12],"tags":[],"class_list":["post-120184","post","type-post","status-publish","format-standard","has-post-thumbnail","hentry","category-destaque","category-policia"],"_links":{"self":[{"href":"https:\/\/www.caririemacao.com\/1\/wp-json\/wp\/v2\/posts\/120184","targetHints":{"allow":["GET"]}}],"collection":[{"href":"https:\/\/www.caririemacao.com\/1\/wp-json\/wp\/v2\/posts"}],"about":[{"href":"https:\/\/www.caririemacao.com\/1\/wp-json\/wp\/v2\/types\/post"}],"author":[{"embeddable":true,"href":"https:\/\/www.caririemacao.com\/1\/wp-json\/wp\/v2\/users\/2"}],"replies":[{"embeddable":true,"href":"https:\/\/www.caririemacao.com\/1\/wp-json\/wp\/v2\/comments?post=120184"}],"version-history":[{"count":1,"href":"https:\/\/www.caririemacao.com\/1\/wp-json\/wp\/v2\/posts\/120184\/revisions"}],"predecessor-version":[{"id":120186,"href":"https:\/\/www.caririemacao.com\/1\/wp-json\/wp\/v2\/posts\/120184\/revisions\/120186"}],"wp:featuredmedia":[{"embeddable":true,"href":"https:\/\/www.caririemacao.com\/1\/wp-json\/wp\/v2\/media\/120185"}],"wp:attachment":[{"href":"https:\/\/www.caririemacao.com\/1\/wp-json\/wp\/v2\/media?parent=120184"}],"wp:term":[{"taxonomy":"category","embeddable":true,"href":"https:\/\/www.caririemacao.com\/1\/wp-json\/wp\/v2\/categories?post=120184"},{"taxonomy":"post_tag","embeddable":true,"href":"https:\/\/www.caririemacao.com\/1\/wp-json\/wp\/v2\/tags?post=120184"}],"curies":[{"name":"wp","href":"https:\/\/api.w.org\/{rel}","templated":true}]}}