{"id":120187,"date":"2019-09-25T11:14:56","date_gmt":"2019-09-25T14:14:56","guid":{"rendered":"http:\/\/www.caririemacao.com\/1\/?p=120187"},"modified":"2019-09-25T11:15:11","modified_gmt":"2019-09-25T14:15:11","slug":"deputado-moacir-propoe-a-famup-a-discussao-da-reforma-tributaria-e-os-novos-criterios-para-o-fpm","status":"publish","type":"post","link":"https:\/\/www.caririemacao.com\/1\/2019\/09\/25\/deputado-moacir-propoe-a-famup-a-discussao-da-reforma-tributaria-e-os-novos-criterios-para-o-fpm\/","title":{"rendered":"Deputado Moacir prop\u00f5e a FAMUP uma discuss\u00e3o sobre a Reforma Tribut\u00e1ria e os novos crit\u00e9rios para o FPM"},"content":{"rendered":"\n<p>O deputado estadual, Moacir Rodrigues, entregou nessa\nquarta-feira, 25, ao presidente da FAMUP um of\u00edcio propondo a discuss\u00e3o da\nReforma Tribut\u00e1ria e os novos crit\u00e9rios para o FPM.<\/p>\n\n\n\n<p>Para o deputado, precisa-se que haja uma moderniza\u00e7\u00e3o da\nlegisla\u00e7\u00e3o para a divis\u00e3o do FPM, tornando a divis\u00e3o dos recursos mais\nequilibrada e justa para os munic\u00edpios brasileiros.<\/p>\n","protected":false},"excerpt":{"rendered":"<p>O deputado estadual, Moacir Rodrigues, entregou nessa quarta-feira, 25, ao presidente da FAMUP um of\u00edcio propondo a discuss\u00e3o da Reforma Tribut\u00e1ria e os novos crit\u00e9rios&hellip; <\/p>\n","protected":false},"author":2,"featured_media":120188,"comment_status":"closed","ping_status":"closed","sticky":false,"template":"","format":"standard","meta":{"sfsi_plus_gutenberg_text_before_share":"","sfsi_plus_gutenberg_show_text_before_share":"","sfsi_plus_gutenberg_icon_type":"","sfsi_plus_gutenberg_icon_alignemt":"","sfsi_plus_gutenburg_max_per_row":"","footnotes":""},"categories":[50,2],"tags":[],"class_list":["post-120187","post","type-post","status-publish","format-standard","has-post-thumbnail","hentry","category-destaque","category-geral"],"_links":{"self":[{"href":"https:\/\/www.caririemacao.com\/1\/wp-json\/wp\/v2\/posts\/120187","targetHints":{"allow":["GET"]}}],"collection":[{"href":"https:\/\/www.caririemacao.com\/1\/wp-json\/wp\/v2\/posts"}],"about":[{"href":"https:\/\/www.caririemacao.com\/1\/wp-json\/wp\/v2\/types\/post"}],"author":[{"embeddable":true,"href":"https:\/\/www.caririemacao.com\/1\/wp-json\/wp\/v2\/users\/2"}],"replies":[{"embeddable":true,"href":"https:\/\/www.caririemacao.com\/1\/wp-json\/wp\/v2\/comments?post=120187"}],"version-history":[{"count":2,"href":"https:\/\/www.caririemacao.com\/1\/wp-json\/wp\/v2\/posts\/120187\/revisions"}],"predecessor-version":[{"id":120190,"href":"https:\/\/www.caririemacao.com\/1\/wp-json\/wp\/v2\/posts\/120187\/revisions\/120190"}],"wp:featuredmedia":[{"embeddable":true,"href":"https:\/\/www.caririemacao.com\/1\/wp-json\/wp\/v2\/media\/120188"}],"wp:attachment":[{"href":"https:\/\/www.caririemacao.com\/1\/wp-json\/wp\/v2\/media?parent=120187"}],"wp:term":[{"taxonomy":"category","embeddable":true,"href":"https:\/\/www.caririemacao.com\/1\/wp-json\/wp\/v2\/categories?post=120187"},{"taxonomy":"post_tag","embeddable":true,"href":"https:\/\/www.caririemacao.com\/1\/wp-json\/wp\/v2\/tags?post=120187"}],"curies":[{"name":"wp","href":"https:\/\/api.w.org\/{rel}","templated":true}]}}