{"id":120204,"date":"2019-09-25T13:37:56","date_gmt":"2019-09-25T16:37:56","guid":{"rendered":"http:\/\/www.caririemacao.com\/1\/?p=120204"},"modified":"2019-09-25T13:37:56","modified_gmt":"2019-09-25T16:37:56","slug":"exclusivo-terceiro-corpo-e-encontrado-na-barragem-de-sao-jose-em-monteiro","status":"publish","type":"post","link":"https:\/\/www.caririemacao.com\/1\/2019\/09\/25\/exclusivo-terceiro-corpo-e-encontrado-na-barragem-de-sao-jose-em-monteiro\/","title":{"rendered":"EXCLUSIVO: Terceiro corpo \u00e9 encontrado na Barragem de S\u00e3o Jos\u00e9 em Monteiro"},"content":{"rendered":"\n<p>A equipe de mergulhadores de resgate do Corpo de Bombeiros, comandada pelo major Silveira, acaba de encontrar o corpo que estava desaparecido na Barragem S\u00e3o Jos\u00e9 em Monteiro, o senhor Ant\u00f4nio Carlos (Carrim), de 44 anos.<\/p>\n\n\n\n<p>Desde ontem que as equipes dos bombeiros estavam em busca da terceira v\u00edtima. Eles j\u00e1 tinham encontrados os corpos de Maria Eduarda Holanda da Silva, 20 anos, e o pescador conhecido por Rolo Preto.<\/p>\n\n\n\n<p>O IML j\u00e1 est\u00e1 no local e o corpo deve ser encaminhado para Campina Grande.<\/p>\n","protected":false},"excerpt":{"rendered":"<p>A equipe de mergulhadores de resgate do Corpo de Bombeiros, comandada pelo major Silveira, acaba de encontrar o corpo que estava desaparecido na Barragem S\u00e3o&hellip; <\/p>\n","protected":false},"author":2,"featured_media":120205,"comment_status":"closed","ping_status":"closed","sticky":false,"template":"","format":"standard","meta":{"sfsi_plus_gutenberg_text_before_share":"","sfsi_plus_gutenberg_show_text_before_share":"","sfsi_plus_gutenberg_icon_type":"","sfsi_plus_gutenberg_icon_alignemt":"","sfsi_plus_gutenburg_max_per_row":"","footnotes":""},"categories":[50,12],"tags":[],"class_list":["post-120204","post","type-post","status-publish","format-standard","has-post-thumbnail","hentry","category-destaque","category-policia"],"_links":{"self":[{"href":"https:\/\/www.caririemacao.com\/1\/wp-json\/wp\/v2\/posts\/120204","targetHints":{"allow":["GET"]}}],"collection":[{"href":"https:\/\/www.caririemacao.com\/1\/wp-json\/wp\/v2\/posts"}],"about":[{"href":"https:\/\/www.caririemacao.com\/1\/wp-json\/wp\/v2\/types\/post"}],"author":[{"embeddable":true,"href":"https:\/\/www.caririemacao.com\/1\/wp-json\/wp\/v2\/users\/2"}],"replies":[{"embeddable":true,"href":"https:\/\/www.caririemacao.com\/1\/wp-json\/wp\/v2\/comments?post=120204"}],"version-history":[{"count":1,"href":"https:\/\/www.caririemacao.com\/1\/wp-json\/wp\/v2\/posts\/120204\/revisions"}],"predecessor-version":[{"id":120206,"href":"https:\/\/www.caririemacao.com\/1\/wp-json\/wp\/v2\/posts\/120204\/revisions\/120206"}],"wp:featuredmedia":[{"embeddable":true,"href":"https:\/\/www.caririemacao.com\/1\/wp-json\/wp\/v2\/media\/120205"}],"wp:attachment":[{"href":"https:\/\/www.caririemacao.com\/1\/wp-json\/wp\/v2\/media?parent=120204"}],"wp:term":[{"taxonomy":"category","embeddable":true,"href":"https:\/\/www.caririemacao.com\/1\/wp-json\/wp\/v2\/categories?post=120204"},{"taxonomy":"post_tag","embeddable":true,"href":"https:\/\/www.caririemacao.com\/1\/wp-json\/wp\/v2\/tags?post=120204"}],"curies":[{"name":"wp","href":"https:\/\/api.w.org\/{rel}","templated":true}]}}