{"id":120207,"date":"2019-09-25T13:39:30","date_gmt":"2019-09-25T16:39:30","guid":{"rendered":"http:\/\/www.caririemacao.com\/1\/?p=120207"},"modified":"2019-09-25T13:39:30","modified_gmt":"2019-09-25T16:39:30","slug":"justica-suspende-lei-que-proibe-cobranca-de-estacionamento-em-shoppings-da-paraiba","status":"publish","type":"post","link":"https:\/\/www.caririemacao.com\/1\/2019\/09\/25\/justica-suspende-lei-que-proibe-cobranca-de-estacionamento-em-shoppings-da-paraiba\/","title":{"rendered":"Justi\u00e7a suspende lei que pro\u00edbe cobran\u00e7a de estacionamento em shoppings da Para\u00edba"},"content":{"rendered":"\n<p>O Pleno do Tribunal de Justi\u00e7a da Para\u00edba (TJPB) deferiu uma medida cautelar suspendendo a lei que pro\u00edbe a cobran\u00e7a de estacionamento em shoppings, mercados e centros comerciais na Para\u00edba at\u00e9 que seja julgado o m\u00e9rito da quest\u00e3o. A decis\u00e3o foi tomada na manh\u00e3 desta quarta-feira (25) com relatoria da desembargadora F\u00e1tima Bezerra Cavalcanti.<\/p>\n\n\n\n<p>A lei estadual que foi aprovada na Assembleia Legislativa da Para\u00edba foi alvo de uma A\u00e7\u00e3o Direta de Inconstitucionalidade promovida pela Associa\u00e7\u00e3o Brasileira de Shopping Centers (Abrasce).<\/p>\n\n\n\n<p>O Colegiado determinou que o presidente da ALPB seja notificado para, no prazo de 30 dias, prestar as informa\u00e7\u00f5es que entender necess\u00e1rias, e o procurador-geral do Estado, no prazo de 40 dias, caso queira se manifestar.<\/p>\n\n\n\n<p>No pedido, a Abrasce alegou, preliminarmente, a inconstitucionalidade formal (por v\u00edcio de iniciativa) e material (por transgress\u00e3o ao direito de propriedade e aos princ\u00edpios da livre iniciativa e da livre concorr\u00eancia) da mencionada lei por viola\u00e7\u00e3o aos artigos da Constitui\u00e7\u00e3o Estadual: 1\u00ba, caput e \u00a7 1\u00ba; 4\u00ba; 5\u00ba, caput; 7\u00ba, caput e seu \u00a7 3\u00ba, inciso I; e 178. Argumentou, ainda, haver ofensa \u00e0s regras de observ\u00e2ncia e reprodu\u00e7\u00e3o obrigat\u00f3rias na Constitui\u00e7\u00e3o do Estado e de compet\u00eancia da Constitui\u00e7\u00e3o Federal.<\/p>\n\n\n\n<p>Salientou, tamb\u00e9m, n\u00e3o ser a hip\u00f3tese sequer de mat\u00e9ria relativa a direito do consumidor, e no tocante \u00e0 inconstitucionalidade material, asseverou que a referida norma padece de tal v\u00edcio de inconstitucionalidade. Por fim, requereu a concess\u00e3o da medida cautelar, argumentando que \u201cest\u00e3o presentes o fumus buni iuris (fuma\u00e7a do bom direito) e o periculum in mora (perigo na demora)\u201d.<\/p>\n\n\n\n<p>No voto, a desembargadora F\u00e1tima Bezerra ressaltou que a forma de cobran\u00e7a de valores, pelo uso de estacionamento de propriedades privadas, somente poderia ser regulada por norma federal. \u201cO legislador, sob o pretexto de promover a defesa do consumidor, n\u00e3o pode imiscuir-se na propriedade privada, cuja mat\u00e9ria \u00e9 da compet\u00eancia exclusiva da Uni\u00e3o\u201d, disse.<\/p>\n\n\n\n<p>A relatora afirmou que, diante de poss\u00edveis v\u00edcios formal e material, capazes de comprometerem a lei em refer\u00eancia de forma insan\u00e1vel na origem, restou consubstanciado o fumus boni iuris. Quanto ao periculum in mora, a desembargadora assegurou que tamb\u00e9m se encontrou demonstrado. \u201cAfinal, em face de uma lei que padece de poss\u00edvel inconstitucionalidade, graves preju\u00edzos podem redundar da sua aplica\u00e7\u00e3o, n\u00e3o s\u00f3 para os particulares, propriet\u00e1rios dos estabelecimentos privados, como tamb\u00e9m para o Poder P\u00fablico\u201d, concluiu.<\/p>\n\n\n\n<p>Lei &#8211; O texto aprovado pela ALPB tem duas vertentes, a toler\u00e2ncia de 20 minutos nos estacionamentos, ou seja, se o consumidor permanecer menos do que o per\u00edodo estabelecido nos centros comerciais, n\u00e3o ser\u00e1 permitida a cobran\u00e7a da taxa. Outra hip\u00f3tese estabelecida na Lei n\u00ba 11.411\/2019 \u00e9 a gratuidade para quem consumir o equivalente a 10 vezes o valor do estacionamento cobrado no estabelecimento.<\/p>\n","protected":false},"excerpt":{"rendered":"<p>O Pleno do Tribunal de Justi\u00e7a da Para\u00edba (TJPB) deferiu uma medida cautelar suspendendo a lei que pro\u00edbe a cobran\u00e7a de estacionamento em shoppings, mercados&hellip; <\/p>\n","protected":false},"author":1,"featured_media":120209,"comment_status":"closed","ping_status":"closed","sticky":false,"template":"","format":"standard","meta":{"sfsi_plus_gutenberg_text_before_share":"","sfsi_plus_gutenberg_show_text_before_share":"","sfsi_plus_gutenberg_icon_type":"","sfsi_plus_gutenberg_icon_alignemt":"","sfsi_plus_gutenburg_max_per_row":"","footnotes":""},"categories":[2],"tags":[],"class_list":["post-120207","post","type-post","status-publish","format-standard","has-post-thumbnail","hentry","category-geral"],"_links":{"self":[{"href":"https:\/\/www.caririemacao.com\/1\/wp-json\/wp\/v2\/posts\/120207","targetHints":{"allow":["GET"]}}],"collection":[{"href":"https:\/\/www.caririemacao.com\/1\/wp-json\/wp\/v2\/posts"}],"about":[{"href":"https:\/\/www.caririemacao.com\/1\/wp-json\/wp\/v2\/types\/post"}],"author":[{"embeddable":true,"href":"https:\/\/www.caririemacao.com\/1\/wp-json\/wp\/v2\/users\/1"}],"replies":[{"embeddable":true,"href":"https:\/\/www.caririemacao.com\/1\/wp-json\/wp\/v2\/comments?post=120207"}],"version-history":[{"count":1,"href":"https:\/\/www.caririemacao.com\/1\/wp-json\/wp\/v2\/posts\/120207\/revisions"}],"predecessor-version":[{"id":120210,"href":"https:\/\/www.caririemacao.com\/1\/wp-json\/wp\/v2\/posts\/120207\/revisions\/120210"}],"wp:featuredmedia":[{"embeddable":true,"href":"https:\/\/www.caririemacao.com\/1\/wp-json\/wp\/v2\/media\/120209"}],"wp:attachment":[{"href":"https:\/\/www.caririemacao.com\/1\/wp-json\/wp\/v2\/media?parent=120207"}],"wp:term":[{"taxonomy":"category","embeddable":true,"href":"https:\/\/www.caririemacao.com\/1\/wp-json\/wp\/v2\/categories?post=120207"},{"taxonomy":"post_tag","embeddable":true,"href":"https:\/\/www.caririemacao.com\/1\/wp-json\/wp\/v2\/tags?post=120207"}],"curies":[{"name":"wp","href":"https:\/\/api.w.org\/{rel}","templated":true}]}}