{"id":120219,"date":"2019-09-25T13:43:18","date_gmt":"2019-09-25T16:43:18","guid":{"rendered":"http:\/\/www.caririemacao.com\/1\/?p=120219"},"modified":"2019-09-25T13:43:18","modified_gmt":"2019-09-25T16:43:18","slug":"morre-homem-que-se-engasgou-com-pedaco-de-figado-cru-em-joao-pessoa","status":"publish","type":"post","link":"https:\/\/www.caririemacao.com\/1\/2019\/09\/25\/morre-homem-que-se-engasgou-com-pedaco-de-figado-cru-em-joao-pessoa\/","title":{"rendered":"Morre homem que se engasgou com peda\u00e7o de f\u00edgado cru em Jo\u00e3o Pessoa"},"content":{"rendered":"\n<p>O homem que se engasgou com um peda\u00e7o de f\u00edgado cru,&nbsp;<a href=\"https:\/\/www.clickpb.com.br\/Policial\/homem-tem-parada-cardiorrespiratoria-apos-se-engasgar-com-figado-cru-em-joao-pessoa-268501.html\">na noite desta ter\u00e7a-feira(24)<\/a>, morreu na manh\u00e3 desta quarta-feira (25), no Hospital de Trauma de Jo\u00e3o Pessoa.&nbsp;Jandilson Louren\u00e7o de Souza, de 38 anos teve uma parada cardiorrespirat\u00f3ria ap\u00f3s se engasgar.<\/p>\n\n\n\n<p>De acordo com a assessoria do Hospital de Trauma, a v\u00edtima chegou ao hospital e foi entubado, por\u00e9m n\u00e3o resistiu e veio a \u00f3bito.&nbsp;<\/p>\n\n\n\n<p>A fam\u00edlia da v\u00edtima foi avisada e est\u00e1 aguardando a libera\u00e7\u00e3o do corpo que ir\u00e1 para o Gemol.&nbsp;<\/p>\n","protected":false},"excerpt":{"rendered":"<p>O homem que se engasgou com um peda\u00e7o de f\u00edgado cru,&nbsp;na noite desta ter\u00e7a-feira(24), morreu na manh\u00e3 desta quarta-feira (25), no Hospital de Trauma de&hellip; <\/p>\n","protected":false},"author":1,"featured_media":120221,"comment_status":"closed","ping_status":"closed","sticky":false,"template":"","format":"standard","meta":{"sfsi_plus_gutenberg_text_before_share":"","sfsi_plus_gutenberg_show_text_before_share":"","sfsi_plus_gutenberg_icon_type":"","sfsi_plus_gutenberg_icon_alignemt":"","sfsi_plus_gutenburg_max_per_row":"","footnotes":""},"categories":[2],"tags":[],"class_list":["post-120219","post","type-post","status-publish","format-standard","has-post-thumbnail","hentry","category-geral"],"_links":{"self":[{"href":"https:\/\/www.caririemacao.com\/1\/wp-json\/wp\/v2\/posts\/120219","targetHints":{"allow":["GET"]}}],"collection":[{"href":"https:\/\/www.caririemacao.com\/1\/wp-json\/wp\/v2\/posts"}],"about":[{"href":"https:\/\/www.caririemacao.com\/1\/wp-json\/wp\/v2\/types\/post"}],"author":[{"embeddable":true,"href":"https:\/\/www.caririemacao.com\/1\/wp-json\/wp\/v2\/users\/1"}],"replies":[{"embeddable":true,"href":"https:\/\/www.caririemacao.com\/1\/wp-json\/wp\/v2\/comments?post=120219"}],"version-history":[{"count":1,"href":"https:\/\/www.caririemacao.com\/1\/wp-json\/wp\/v2\/posts\/120219\/revisions"}],"predecessor-version":[{"id":120222,"href":"https:\/\/www.caririemacao.com\/1\/wp-json\/wp\/v2\/posts\/120219\/revisions\/120222"}],"wp:featuredmedia":[{"embeddable":true,"href":"https:\/\/www.caririemacao.com\/1\/wp-json\/wp\/v2\/media\/120221"}],"wp:attachment":[{"href":"https:\/\/www.caririemacao.com\/1\/wp-json\/wp\/v2\/media?parent=120219"}],"wp:term":[{"taxonomy":"category","embeddable":true,"href":"https:\/\/www.caririemacao.com\/1\/wp-json\/wp\/v2\/categories?post=120219"},{"taxonomy":"post_tag","embeddable":true,"href":"https:\/\/www.caririemacao.com\/1\/wp-json\/wp\/v2\/tags?post=120219"}],"curies":[{"name":"wp","href":"https:\/\/api.w.org\/{rel}","templated":true}]}}