{"id":120229,"date":"2019-09-25T13:47:05","date_gmt":"2019-09-25T16:47:05","guid":{"rendered":"http:\/\/www.caririemacao.com\/1\/?p=120229"},"modified":"2019-09-25T13:47:05","modified_gmt":"2019-09-25T16:47:05","slug":"jovem-e-estuprada-por-dois-homens-encapuzados-dentro-de-residencia-em-cajazeiras","status":"publish","type":"post","link":"https:\/\/www.caririemacao.com\/1\/2019\/09\/25\/jovem-e-estuprada-por-dois-homens-encapuzados-dentro-de-residencia-em-cajazeiras\/","title":{"rendered":"Jovem \u00e9 estuprada por dois homens encapuzados dentro de resid\u00eancia em Cajazeiras"},"content":{"rendered":"\n<p>Uma jovem, de 18 anos foi estuprada, nesta ter\u00e7a-feira (24), pois dois homens encapuzados, na cidade de Cajazeiras, na Para\u00edba. A v\u00edtima estava na resid\u00eancia quando foi surpreendida pelos suspeitos.&nbsp;<\/p>\n\n\n\n<p>De acordo com a v\u00edtima, os homens a amea\u00e7aram de morte e ap\u00f3s cometer o crime, a dupla fugiu.<\/p>\n\n\n\n<p>A jovem acionou a Pol\u00edcia Militar onde foi encaminhada para Delegacia da regi\u00e3o. Ap\u00f3s prestar depoimento, a v\u00edtima foi levada para o hospital para exames de comprova\u00e7\u00e3o e aplica\u00e7\u00e3o de medicamentos preventivos.&nbsp;<\/p>\n\n\n\n<p>A Pol\u00edcia Civil informou que o caso foi transferido para a Delegacia da Mulher e segue em segredo de Justi\u00e7a.<\/p>\n","protected":false},"excerpt":{"rendered":"<p>Uma jovem, de 18 anos foi estuprada, nesta ter\u00e7a-feira (24), pois dois homens encapuzados, na cidade de Cajazeiras, na Para\u00edba. A v\u00edtima estava na resid\u00eancia&hellip; <\/p>\n","protected":false},"author":1,"featured_media":120231,"comment_status":"closed","ping_status":"closed","sticky":false,"template":"","format":"standard","meta":{"sfsi_plus_gutenberg_text_before_share":"","sfsi_plus_gutenberg_show_text_before_share":"","sfsi_plus_gutenberg_icon_type":"","sfsi_plus_gutenberg_icon_alignemt":"","sfsi_plus_gutenburg_max_per_row":"","footnotes":""},"categories":[12],"tags":[],"class_list":["post-120229","post","type-post","status-publish","format-standard","has-post-thumbnail","hentry","category-policia"],"_links":{"self":[{"href":"https:\/\/www.caririemacao.com\/1\/wp-json\/wp\/v2\/posts\/120229","targetHints":{"allow":["GET"]}}],"collection":[{"href":"https:\/\/www.caririemacao.com\/1\/wp-json\/wp\/v2\/posts"}],"about":[{"href":"https:\/\/www.caririemacao.com\/1\/wp-json\/wp\/v2\/types\/post"}],"author":[{"embeddable":true,"href":"https:\/\/www.caririemacao.com\/1\/wp-json\/wp\/v2\/users\/1"}],"replies":[{"embeddable":true,"href":"https:\/\/www.caririemacao.com\/1\/wp-json\/wp\/v2\/comments?post=120229"}],"version-history":[{"count":1,"href":"https:\/\/www.caririemacao.com\/1\/wp-json\/wp\/v2\/posts\/120229\/revisions"}],"predecessor-version":[{"id":120232,"href":"https:\/\/www.caririemacao.com\/1\/wp-json\/wp\/v2\/posts\/120229\/revisions\/120232"}],"wp:featuredmedia":[{"embeddable":true,"href":"https:\/\/www.caririemacao.com\/1\/wp-json\/wp\/v2\/media\/120231"}],"wp:attachment":[{"href":"https:\/\/www.caririemacao.com\/1\/wp-json\/wp\/v2\/media?parent=120229"}],"wp:term":[{"taxonomy":"category","embeddable":true,"href":"https:\/\/www.caririemacao.com\/1\/wp-json\/wp\/v2\/categories?post=120229"},{"taxonomy":"post_tag","embeddable":true,"href":"https:\/\/www.caririemacao.com\/1\/wp-json\/wp\/v2\/tags?post=120229"}],"curies":[{"name":"wp","href":"https:\/\/api.w.org\/{rel}","templated":true}]}}