{"id":120260,"date":"2019-09-25T13:55:54","date_gmt":"2019-09-25T16:55:54","guid":{"rendered":"http:\/\/www.caririemacao.com\/1\/?p=120260"},"modified":"2019-09-25T13:55:54","modified_gmt":"2019-09-25T16:55:54","slug":"juros-do-cheque-especial-caem-para-3069-e-do-cartao-ficam-em-306","status":"publish","type":"post","link":"https:\/\/www.caririemacao.com\/1\/2019\/09\/25\/juros-do-cheque-especial-caem-para-3069-e-do-cartao-ficam-em-306\/","title":{"rendered":"Juros do cheque especial caem para 306,9% e do cart\u00e3o ficam em 306%"},"content":{"rendered":"\n<p>Os clientes de bancos pagaram juros menores no cheque especial e taxas mais altas no rotativo do cart\u00e3o de cr\u00e9dito, de acordo com dados divulgados hoje (25) pelo Banco Central (BC).<\/p>\n\n\n\n<p>A taxa de juros do cheque especial caiu 11,8 pontos percentuais em agosto, comparada a julho, e chegou a 306,9 % ao ano. Em 2019, os juros do cheque especial ca\u00edram 5,7 pontos percentuais. Apesar de estar menor, a taxa do cheque especial \u00e9 a mais cara entre as modalidades de cr\u00e9dito para as fam\u00edlias e a recomenda\u00e7\u00e3o do BC \u00e9 que s\u00f3 seja usado em situa\u00e7\u00f5es emergenciais.<\/p>\n\n\n\n<p>O chefe do Departamento de Estat\u00edsticas do Banco Central, Fernando Rocha, afirmou que a taxa do cheque especial \u00e9 \u201cextremamente onerosa\u201d. \u00c9 uma modalidade para ser usada de forma absolutamente emergencial e [deve-se] procurar sair rapidamente, recompondo o saldo ou tomando outras modalidades de cr\u00e9dito\u201d.<\/p>\n\n\n\n<p>No ano passado, os bancos anunciaram uma medida de autorregulamenta\u00e7\u00e3o do cheque especial. Com as novas regras, os correntistas que utilizam mais de 15% do limite do cheque durante 30 dias consecutivos passaram a receber a oferta de um parcelamento, com taxa de juros menores que a do cheque especial definida pela institui\u00e7\u00e3o financeira.<\/p>\n\n\n\n<h2 class=\"wp-block-heading\">Cart\u00e3o de Cr\u00e9dito<\/h2>\n\n\n\n<p>A taxa m\u00e9dia do rotativo do cart\u00e3o de cr\u00e9dito subiu 6,9 pontos percentuais em rela\u00e7\u00e3o a julho, chegando a 307,2% ao ano. A taxa m\u00e9dia \u00e9 formada com base nos dados de consumidores adimplentes e inadimplentes.<\/p>\n\n\n\n<p>Segundo Rocha, a taxa subiu por efeito do aumento dos juros por duas institui\u00e7\u00f5es financeiras.<\/p>\n\n\n\n<p>No caso do cliente adimplente, que paga pelo menos o valor m\u00ednimo da fatura do cart\u00e3o em dia, a taxa chegou a 289% ao ano em agosto, aumento de 5,3 pontos percentuais em rela\u00e7\u00e3o a julho. A taxa cobrada dos clientes que n\u00e3o pagaram ou atrasaram o pagamento m\u00ednimo da fatura (rotativo n\u00e3o regular) subiu 7,7 pontos percentuais, indo para 319,6% ao ano.<\/p>\n\n\n\n<p>O rotativo \u00e9 o cr\u00e9dito tomado pelo consumidor quando paga menos que o valor integral da fatura do cart\u00e3o. O cr\u00e9dito rotativo dura 30 dias. Ap\u00f3s esse prazo, as institui\u00e7\u00f5es financeiras parcelam a d\u00edvida.<\/p>\n\n\n\n<p>Em abril de 2018, o Conselho Monet\u00e1rio Nacional definiu que clientes inadimplentes no rotativo do cart\u00e3o de cr\u00e9dito passem a pagar a mesma taxa de juros dos consumidores regulares. Essa regra entrou em vigor em junho deste ano. Mesmo assim, a taxa final cobrada de adimplentes e inadimplentes n\u00e3o ser\u00e1 igual porque os bancos podem acrescentar \u00e0 cobran\u00e7a os juros pelo atraso e multa.<\/p>\n\n\n\n<p>Na modalidade de parcelamento das compras pelo cart\u00e3o de cr\u00e9dito, a taxa chegou a 177,3% ao ano em agosto, com aumento de 2,1% ponto percentual.<\/p>\n\n\n\n<p>A taxa de juros do cr\u00e9dito pessoal n\u00e3o consignado chegou a 116,6% ao ano em agosto, com recuo de 2,6 pontos percentuais em rela\u00e7\u00e3o a julho. A taxa do cr\u00e9dito consignado (com desconto em folha de pagamento) recuou 0,2 ponto percentual, indo para 22,3% ao ano no m\u00eas passado.<\/p>\n\n\n\n<p>De acordo com o BC, a taxa m\u00e9dia de juros para pessoa f\u00edsica caiu 0,1 ponto percentual em agosto para 52,1% ao ano. A taxa m\u00e9dia das empresas ficou em 18,9% ao ano, queda de 0,2 ponto percentual.<\/p>\n\n\n\n<h2 class=\"wp-block-heading\">Inadimpl\u00eancia<\/h2>\n\n\n\n<p>A inadimpl\u00eancia do cr\u00e9dito, considerados atrasos acima de 90 dias, para pessoas f\u00edsicas e jur\u00eddicas subiu 0,1 ponto percentual para 4,9% e 2,9%, respectivamente.<\/p>\n\n\n\n<p>Esses dados s\u00e3o do cr\u00e9dito livre, em que os bancos t\u00eam autonomia para emprestar o dinheiro captado no mercado e definir as taxas de juros cobradas dos clientes.<\/p>\n\n\n\n<p>No caso do cr\u00e9dito direcionado (empr\u00e9stimos com regras definidas pelo governo, destinados, basicamente, aos setores habitacional, rural, de infraestrutura e ao microcr\u00e9dito) os juros para as pessoas f\u00edsicas subiu 0,4 ponto percentual para 8,2% ao ano. A taxa cobrada das empresas subiu 0,2 ponto percentual para 8,6% ao ano.<\/p>\n\n\n\n<p>A inadimpl\u00eancia das pessoas f\u00edsicas no cr\u00e9dito direcionado permaneceu em 1,8% e a das empresas subiu 0,2 ponto percentual para 2,2%.<\/p>\n\n\n\n<h2 class=\"wp-block-heading\">Saldo dos empr\u00e9stimos<\/h2>\n\n\n\n<p>Em agosto, o estoque de todos os empr\u00e9stimos concedidos pelos bancos ficou em R$ 3,325 trilh\u00f5es, com expans\u00e3o de 1,1% em rela\u00e7\u00e3o a julho, de 2,1% no ano e de 5,1% em 12 meses. Esse saldo do cr\u00e9dito correspondeu a 47,2% de tudo o que o pa\u00eds produz &#8211; o Produto Interno Bruto (PIB) -, com aumento de 0,3 ponto percentual em rela\u00e7\u00e3o a julho.<\/p>\n","protected":false},"excerpt":{"rendered":"<p>Os clientes de bancos pagaram juros menores no cheque especial e taxas mais altas no rotativo do cart\u00e3o de cr\u00e9dito, de acordo com dados divulgados&hellip; <\/p>\n","protected":false},"author":1,"featured_media":17025,"comment_status":"closed","ping_status":"closed","sticky":false,"template":"","format":"standard","meta":{"sfsi_plus_gutenberg_text_before_share":"","sfsi_plus_gutenberg_show_text_before_share":"","sfsi_plus_gutenberg_icon_type":"","sfsi_plus_gutenberg_icon_alignemt":"","sfsi_plus_gutenburg_max_per_row":"","footnotes":""},"categories":[2],"tags":[],"class_list":["post-120260","post","type-post","status-publish","format-standard","has-post-thumbnail","hentry","category-geral"],"_links":{"self":[{"href":"https:\/\/www.caririemacao.com\/1\/wp-json\/wp\/v2\/posts\/120260","targetHints":{"allow":["GET"]}}],"collection":[{"href":"https:\/\/www.caririemacao.com\/1\/wp-json\/wp\/v2\/posts"}],"about":[{"href":"https:\/\/www.caririemacao.com\/1\/wp-json\/wp\/v2\/types\/post"}],"author":[{"embeddable":true,"href":"https:\/\/www.caririemacao.com\/1\/wp-json\/wp\/v2\/users\/1"}],"replies":[{"embeddable":true,"href":"https:\/\/www.caririemacao.com\/1\/wp-json\/wp\/v2\/comments?post=120260"}],"version-history":[{"count":1,"href":"https:\/\/www.caririemacao.com\/1\/wp-json\/wp\/v2\/posts\/120260\/revisions"}],"predecessor-version":[{"id":120262,"href":"https:\/\/www.caririemacao.com\/1\/wp-json\/wp\/v2\/posts\/120260\/revisions\/120262"}],"wp:featuredmedia":[{"embeddable":true,"href":"https:\/\/www.caririemacao.com\/1\/wp-json\/wp\/v2\/media\/17025"}],"wp:attachment":[{"href":"https:\/\/www.caririemacao.com\/1\/wp-json\/wp\/v2\/media?parent=120260"}],"wp:term":[{"taxonomy":"category","embeddable":true,"href":"https:\/\/www.caririemacao.com\/1\/wp-json\/wp\/v2\/categories?post=120260"},{"taxonomy":"post_tag","embeddable":true,"href":"https:\/\/www.caririemacao.com\/1\/wp-json\/wp\/v2\/tags?post=120260"}],"curies":[{"name":"wp","href":"https:\/\/api.w.org\/{rel}","templated":true}]}}