{"id":120271,"date":"2019-09-25T15:40:53","date_gmt":"2019-09-25T18:40:53","guid":{"rendered":"http:\/\/www.caririemacao.com\/1\/?p=120271"},"modified":"2019-09-25T15:44:06","modified_gmt":"2019-09-25T18:44:06","slug":"marcio-leite-comemora-no-grupo-e-diz-que-o-projeto-de-celio-deve-ser-mantido","status":"publish","type":"post","link":"https:\/\/www.caririemacao.com\/1\/2019\/09\/25\/marcio-leite-comemora-no-grupo-e-diz-que-o-projeto-de-celio-deve-ser-mantido\/","title":{"rendered":"M\u00e1rcio Leite comemora renova\u00e7\u00e3o no grupo e diz que o projeto de C\u00e9lio deve ser mantido"},"content":{"rendered":"\n<p>As articula\u00e7\u00f5es pol\u00edticas com vistas \u00e0s Elei\u00e7\u00f5es 2020 em S\u00e3o Jo\u00e3o do Tigre come\u00e7aram e o PRB foi o partido escolhido para acomodar as principais lideran\u00e7as do\u00a0grupo do prefeito C\u00e9lio Barbosa.<\/p>\n\n\n\n<p>Presidido no munic\u00edpio pelo secret\u00e1rio de finan\u00e7as e pr\u00e9-candidato, M\u00e1rcio Leite, o PRB filiar\u00e1 nos pr\u00f3ximos dias de uma s\u00f3 vez, pelo menos 6 dos atuais vereadores, a vice-prefeita Maria Em\u00edlia, o ex-prefeito Jo\u00e3o de Manuca, o empres\u00e1rio do ramo de confec\u00e7\u00f5es Gilberson Marques e v\u00e1rios integrantes e secret\u00e1rios do governo municipal.<\/p>\n\n\n\n<p>A inten\u00e7\u00e3o da filia\u00e7\u00e3o conjunta \u00e9 fortalecer o partido, que tem na presid\u00eancia h\u00e1 quase 8 anos o secret\u00e1rio de finan\u00e7as M\u00e1rcio Leite, nome cotado para ser o candidato do grupo do prefeito C\u00e9lio Barbosa em 2020 \u00e0 Prefeitura de S\u00e3o Jo\u00e3o do Tigre. O PRB \u00e9 comandado no Estado pelo deputado federal Hugo Mota, parlamentar aliado da gest\u00e3o municipal.<\/p>\n\n\n\n<p>Devem assinar a ficha de filia\u00e7\u00e3o do PRB, que tem como n\u00famero o 10, os vereadores Arnaldo Xavier, Arn\u00f3bio Pereira, Lucinha, Leninha de Calixto, Salom\u00e3o Alves e Luiz de Aroeira.<\/p>\n\n\n\n<p>A vice-prefeita Maria Em\u00edlia e seu pai, o ex-prefeito Jo\u00e3o de Manuca\u00a0\u00a0tamb\u00e9m devem ingressar nos quadros da legenda, como v\u00e1rios integrantes do Governo C\u00e9lio, especialmente diversos secret\u00e1rios. Um time de suplentes da \u00faltima campanha e novos pr\u00e9-candidatos a vereador tamb\u00e9m devem est\u00e1 fortalecendo a legenda para as pr\u00f3ximas elei\u00e7\u00f5es.<\/p>\n\n\n\n<p>Al\u00e9m disso um grupo de jovens tigrenses interessados em renovar a pol\u00edtica e reenergizar os debates pol\u00edticos da cidade tamb\u00e9m estar\u00e3o se filiando e formando o movimento jovem do PRB. Ser\u00e3o ao todo 10 jovens filiados e que devem fazer a ponte dos debates pol\u00edticos com o p\u00fablico mais jovem do munic\u00edpio.<\/p>\n\n\n\n<p>Para o secret\u00e1rio M\u00e1rcio Leite, \u00e9 uma alegria receber tantas lideran\u00e7as que querem ver S\u00e3o Jo\u00e3o do Tigre avan\u00e7ar no partido que ele mesmo fundou no munic\u00edpio h\u00e1 v\u00e1rios anos.<\/p>\n\n\n\n<p>\u201cEu n\u00e3o estou preocupado com poss\u00edvel candidatura; nosso projeto \u00e9 capitaneado pelo prefeito C\u00e9lio Barbosa, que assim como revolucionou a administra\u00e7\u00e3o de S\u00e3o Jo\u00e3o do Tigre nos \u00faltimos anos, tem a dimens\u00e3o concreta da responsabilidade de manter seu projeto vivo e alavancando os destinos da nossa cidade. Sou um soldado desse projeto, somos um grupo de pessoas que amam nossa terra e estamos prontos para as batalhas que vir\u00e3o\u201d, destacou.\u00a0<\/p>\n","protected":false},"excerpt":{"rendered":"<p>As articula\u00e7\u00f5es pol\u00edticas com vistas \u00e0s Elei\u00e7\u00f5es 2020 em S\u00e3o Jo\u00e3o do Tigre come\u00e7aram e o PRB foi o partido escolhido para acomodar as principais&hellip; <\/p>\n","protected":false},"author":1,"featured_media":120273,"comment_status":"closed","ping_status":"closed","sticky":false,"template":"","format":"standard","meta":{"sfsi_plus_gutenberg_text_before_share":"","sfsi_plus_gutenberg_show_text_before_share":"","sfsi_plus_gutenberg_icon_type":"","sfsi_plus_gutenberg_icon_alignemt":"","sfsi_plus_gutenburg_max_per_row":"","footnotes":""},"categories":[50,11],"tags":[],"class_list":["post-120271","post","type-post","status-publish","format-standard","has-post-thumbnail","hentry","category-destaque","category-politica"],"_links":{"self":[{"href":"https:\/\/www.caririemacao.com\/1\/wp-json\/wp\/v2\/posts\/120271","targetHints":{"allow":["GET"]}}],"collection":[{"href":"https:\/\/www.caririemacao.com\/1\/wp-json\/wp\/v2\/posts"}],"about":[{"href":"https:\/\/www.caririemacao.com\/1\/wp-json\/wp\/v2\/types\/post"}],"author":[{"embeddable":true,"href":"https:\/\/www.caririemacao.com\/1\/wp-json\/wp\/v2\/users\/1"}],"replies":[{"embeddable":true,"href":"https:\/\/www.caririemacao.com\/1\/wp-json\/wp\/v2\/comments?post=120271"}],"version-history":[{"count":3,"href":"https:\/\/www.caririemacao.com\/1\/wp-json\/wp\/v2\/posts\/120271\/revisions"}],"predecessor-version":[{"id":120276,"href":"https:\/\/www.caririemacao.com\/1\/wp-json\/wp\/v2\/posts\/120271\/revisions\/120276"}],"wp:featuredmedia":[{"embeddable":true,"href":"https:\/\/www.caririemacao.com\/1\/wp-json\/wp\/v2\/media\/120273"}],"wp:attachment":[{"href":"https:\/\/www.caririemacao.com\/1\/wp-json\/wp\/v2\/media?parent=120271"}],"wp:term":[{"taxonomy":"category","embeddable":true,"href":"https:\/\/www.caririemacao.com\/1\/wp-json\/wp\/v2\/categories?post=120271"},{"taxonomy":"post_tag","embeddable":true,"href":"https:\/\/www.caririemacao.com\/1\/wp-json\/wp\/v2\/tags?post=120271"}],"curies":[{"name":"wp","href":"https:\/\/api.w.org\/{rel}","templated":true}]}}