{"id":120284,"date":"2019-09-25T16:04:16","date_gmt":"2019-09-25T19:04:16","guid":{"rendered":"http:\/\/www.caririemacao.com\/1\/?p=120284"},"modified":"2019-09-25T16:04:16","modified_gmt":"2019-09-25T19:04:16","slug":"pagamento-de-setembro-dos-servidores-estaduais-comeca-sexta-feira","status":"publish","type":"post","link":"https:\/\/www.caririemacao.com\/1\/2019\/09\/25\/pagamento-de-setembro-dos-servidores-estaduais-comeca-sexta-feira\/","title":{"rendered":"Pagamento de setembro dos servidores estaduais come\u00e7a sexta-feira"},"content":{"rendered":"\n<p>O pagamento dos servidores estaduais referente ao m\u00eas de setembro come\u00e7a nesta sexta-feira (27), quando recebem aposentados e pensionistas e segue na segunda-feira (30), com os servidores da ativa.<\/p>\n\n\n\n<p>Mais uma vez, o Governo do Estado mant\u00e9m o compromisso de realizar o pagamento dos servidores estaduais dentro do m\u00eas trabalhado. O governador Jo\u00e3o Azev\u00eado tem ressaltado que isso \u00e9 fruto de um esfor\u00e7o muito grande para manter a administra\u00e7\u00e3o correta e fazer com que a gest\u00e3o fiscal e de pessoal se mantenha dentro daquilo que foi estabelecido.<\/p>\n\n\n\n<p><strong>Calend\u00e1rio<\/strong>:<br>27\/09 \u2013 aposentados e pensionistas<br>30\/09 \u2013 servidores da ativa<\/p>\n","protected":false},"excerpt":{"rendered":"<p>O pagamento dos servidores estaduais referente ao m\u00eas de setembro come\u00e7a nesta sexta-feira (27), quando recebem aposentados e pensionistas e segue na segunda-feira (30), com&hellip; <\/p>\n","protected":false},"author":1,"featured_media":109867,"comment_status":"closed","ping_status":"closed","sticky":false,"template":"","format":"standard","meta":{"sfsi_plus_gutenberg_text_before_share":"","sfsi_plus_gutenberg_show_text_before_share":"","sfsi_plus_gutenberg_icon_type":"","sfsi_plus_gutenberg_icon_alignemt":"","sfsi_plus_gutenburg_max_per_row":"","footnotes":""},"categories":[50,2],"tags":[],"class_list":["post-120284","post","type-post","status-publish","format-standard","has-post-thumbnail","hentry","category-destaque","category-geral"],"_links":{"self":[{"href":"https:\/\/www.caririemacao.com\/1\/wp-json\/wp\/v2\/posts\/120284","targetHints":{"allow":["GET"]}}],"collection":[{"href":"https:\/\/www.caririemacao.com\/1\/wp-json\/wp\/v2\/posts"}],"about":[{"href":"https:\/\/www.caririemacao.com\/1\/wp-json\/wp\/v2\/types\/post"}],"author":[{"embeddable":true,"href":"https:\/\/www.caririemacao.com\/1\/wp-json\/wp\/v2\/users\/1"}],"replies":[{"embeddable":true,"href":"https:\/\/www.caririemacao.com\/1\/wp-json\/wp\/v2\/comments?post=120284"}],"version-history":[{"count":1,"href":"https:\/\/www.caririemacao.com\/1\/wp-json\/wp\/v2\/posts\/120284\/revisions"}],"predecessor-version":[{"id":120285,"href":"https:\/\/www.caririemacao.com\/1\/wp-json\/wp\/v2\/posts\/120284\/revisions\/120285"}],"wp:featuredmedia":[{"embeddable":true,"href":"https:\/\/www.caririemacao.com\/1\/wp-json\/wp\/v2\/media\/109867"}],"wp:attachment":[{"href":"https:\/\/www.caririemacao.com\/1\/wp-json\/wp\/v2\/media?parent=120284"}],"wp:term":[{"taxonomy":"category","embeddable":true,"href":"https:\/\/www.caririemacao.com\/1\/wp-json\/wp\/v2\/categories?post=120284"},{"taxonomy":"post_tag","embeddable":true,"href":"https:\/\/www.caririemacao.com\/1\/wp-json\/wp\/v2\/tags?post=120284"}],"curies":[{"name":"wp","href":"https:\/\/api.w.org\/{rel}","templated":true}]}}