{"id":120294,"date":"2019-09-25T16:06:49","date_gmt":"2019-09-25T19:06:49","guid":{"rendered":"http:\/\/www.caririemacao.com\/1\/?p=120294"},"modified":"2019-09-25T16:06:49","modified_gmt":"2019-09-25T19:06:49","slug":"vasco-recebe-a-visita-do-chefe-da-comissao-nacional-de-arbitragem","status":"publish","type":"post","link":"https:\/\/www.caririemacao.com\/1\/2019\/09\/25\/vasco-recebe-a-visita-do-chefe-da-comissao-nacional-de-arbitragem\/","title":{"rendered":"Vasco recebe a visita do chefe da Comiss\u00e3o Nacional de Arbitragem"},"content":{"rendered":"\n<p>O Vasco foi o destino do chefe da Comiss\u00e3o Nacional de Arbitragem da CBF, Leonardo Gaciba, nesta&nbsp;manh\u00e3 de quarta-feira (25). Jogadores e comiss\u00e3o t\u00e9cnica reuniram-se com Gaciba para ouvir explica\u00e7\u00f5es sobre as mudan\u00e7as mais recentes na regra do futebol e, principalmente, sobre a atua\u00e7\u00e3o do \u00e1rbitro de v\u00eddeo (VAR). A visita faz parte da peregrina\u00e7\u00e3o de Gaciba pelos 20 clubes da S\u00e9rie A do Campeonato Brasileiro, que este ano passou a adotar o VAR.<\/p>\n\n\n\n<p>Ap\u00f3s a palestra com Gaciba, os jogadores que come\u00e7aram jogando no \u00faltimo domingo (15), no empate em 1 a 1 com o Athletico-PR, treinaram em campo reduzido. J\u00e1 os reservas participaram de um jogo treino contra os garotos da base Cruz-Maltina.Audio Player00:0000:00<strong>Ou\u00e7a na R\u00e1dio Nacional<\/strong><\/p>\n\n\n\n<p>O Vasco folga nesta 21\u00aa rodada, porque o Atl\u00e9tico MG, advers\u00e1rio previsto no calend\u00e1rio do Brasileir\u00e3o, enfrenta amanh\u00e3 (26), &nbsp;o Col\u00f3n, da Argentina, pelas semifinais da Copa Sul-Americana<\/p>\n\n\n\n<p>Enquanto isso, a equipe Cruz-Maltina, comandada pelo t\u00e9cnico Vanderlei Luxemburgo, treina esta semana, sempre a partir das 11h, no CT Almirante, na Zona Oeste do Rio de Janeiro. O hor\u00e1rio \u00e9 o mesmo da partida contra o Corinthians, no domingo (29), na Arena&nbsp; Itaquera, em S\u00e3o Paulo (SP). Para este duelo, os vasca\u00ednos n\u00e3o poder\u00e3o contar com zagueiro colombiano Henr\u00edquez: o zagueiro est\u00e1 suspenso pelo terceiro cart\u00e3o amarelo e Werley \u00e9 o prov\u00e1vel substituto.<\/p>\n","protected":false},"excerpt":{"rendered":"<p>O Vasco foi o destino do chefe da Comiss\u00e3o Nacional de Arbitragem da CBF, Leonardo Gaciba, nesta&nbsp;manh\u00e3 de quarta-feira (25). Jogadores e comiss\u00e3o t\u00e9cnica reuniram-se&hellip; <\/p>\n","protected":false},"author":1,"featured_media":74062,"comment_status":"closed","ping_status":"closed","sticky":false,"template":"","format":"standard","meta":{"sfsi_plus_gutenberg_text_before_share":"","sfsi_plus_gutenberg_show_text_before_share":"","sfsi_plus_gutenberg_icon_type":"","sfsi_plus_gutenberg_icon_alignemt":"","sfsi_plus_gutenburg_max_per_row":"","footnotes":""},"categories":[13],"tags":[],"class_list":["post-120294","post","type-post","status-publish","format-standard","has-post-thumbnail","hentry","category-esportes"],"_links":{"self":[{"href":"https:\/\/www.caririemacao.com\/1\/wp-json\/wp\/v2\/posts\/120294","targetHints":{"allow":["GET"]}}],"collection":[{"href":"https:\/\/www.caririemacao.com\/1\/wp-json\/wp\/v2\/posts"}],"about":[{"href":"https:\/\/www.caririemacao.com\/1\/wp-json\/wp\/v2\/types\/post"}],"author":[{"embeddable":true,"href":"https:\/\/www.caririemacao.com\/1\/wp-json\/wp\/v2\/users\/1"}],"replies":[{"embeddable":true,"href":"https:\/\/www.caririemacao.com\/1\/wp-json\/wp\/v2\/comments?post=120294"}],"version-history":[{"count":1,"href":"https:\/\/www.caririemacao.com\/1\/wp-json\/wp\/v2\/posts\/120294\/revisions"}],"predecessor-version":[{"id":120296,"href":"https:\/\/www.caririemacao.com\/1\/wp-json\/wp\/v2\/posts\/120294\/revisions\/120296"}],"wp:featuredmedia":[{"embeddable":true,"href":"https:\/\/www.caririemacao.com\/1\/wp-json\/wp\/v2\/media\/74062"}],"wp:attachment":[{"href":"https:\/\/www.caririemacao.com\/1\/wp-json\/wp\/v2\/media?parent=120294"}],"wp:term":[{"taxonomy":"category","embeddable":true,"href":"https:\/\/www.caririemacao.com\/1\/wp-json\/wp\/v2\/categories?post=120294"},{"taxonomy":"post_tag","embeddable":true,"href":"https:\/\/www.caririemacao.com\/1\/wp-json\/wp\/v2\/tags?post=120294"}],"curies":[{"name":"wp","href":"https:\/\/api.w.org\/{rel}","templated":true}]}}