{"id":120304,"date":"2019-09-25T16:26:25","date_gmt":"2019-09-25T19:26:25","guid":{"rendered":"http:\/\/www.caririemacao.com\/1\/?p=120304"},"modified":"2019-09-25T16:26:25","modified_gmt":"2019-09-25T19:26:25","slug":"amparo-recebeu-novo-medico-atraves-do-programa-mais-medicos","status":"publish","type":"post","link":"https:\/\/www.caririemacao.com\/1\/2019\/09\/25\/amparo-recebeu-novo-medico-atraves-do-programa-mais-medicos\/","title":{"rendered":"Amparo recebeu novo m\u00e9dico atrav\u00e9s do Programa Mais M\u00e9dicos"},"content":{"rendered":"\n<p>A Secretaria Municipal de Sa\u00fade de Amparo recebeu na noite do \u00faltimo &nbsp;s\u00e1bado (21) o m\u00e9dico Vladimir Camara Bezerra, que ir\u00e1 atuar no munic\u00edpio atrav\u00e9s do programa Mais M\u00e9dicos.<br>Acompanhado da Secret\u00e1ria de Sa\u00fade, Ver\u00f4nica Rafael e da Diretora da UBS S\u00e3o Sebasti\u00e3o, o m\u00e9dico se reuniu com o Prefeito, In\u00e1cio N\u00f3brega.<br>\u201c\u00c9 um profissional altamente capacitado, tenho certeza que ele ir\u00e1 exercer a medicina com muita responsabilidade, qualidade e compromisso em nossa cidade. Fiz um pedido especial para o Dr Vladimir, pedi que trate os amparenses com muito amor e aten\u00e7\u00e3o, pois todos os moradores de Amparo merecem o melhor tratamento poss\u00edvel, darei total apoio para que ele possa trabalhar e se sentir a vontade em nossa cidade\u201d, disse o prefeito In\u00e1cio N\u00f3brega.<\/p>\n\n\n\n<p>Com Amparo Ligado<\/p>\n","protected":false},"excerpt":{"rendered":"<p>A Secretaria Municipal de Sa\u00fade de Amparo recebeu na noite do \u00faltimo &nbsp;s\u00e1bado (21) o m\u00e9dico Vladimir Camara Bezerra, que ir\u00e1 atuar no munic\u00edpio atrav\u00e9s&hellip; <\/p>\n","protected":false},"author":1,"featured_media":120306,"comment_status":"closed","ping_status":"closed","sticky":false,"template":"","format":"standard","meta":{"sfsi_plus_gutenberg_text_before_share":"","sfsi_plus_gutenberg_show_text_before_share":"","sfsi_plus_gutenberg_icon_type":"","sfsi_plus_gutenberg_icon_alignemt":"","sfsi_plus_gutenburg_max_per_row":"","footnotes":""},"categories":[6,50],"tags":[],"class_list":["post-120304","post","type-post","status-publish","format-standard","has-post-thumbnail","hentry","category-cidades","category-destaque"],"_links":{"self":[{"href":"https:\/\/www.caririemacao.com\/1\/wp-json\/wp\/v2\/posts\/120304","targetHints":{"allow":["GET"]}}],"collection":[{"href":"https:\/\/www.caririemacao.com\/1\/wp-json\/wp\/v2\/posts"}],"about":[{"href":"https:\/\/www.caririemacao.com\/1\/wp-json\/wp\/v2\/types\/post"}],"author":[{"embeddable":true,"href":"https:\/\/www.caririemacao.com\/1\/wp-json\/wp\/v2\/users\/1"}],"replies":[{"embeddable":true,"href":"https:\/\/www.caririemacao.com\/1\/wp-json\/wp\/v2\/comments?post=120304"}],"version-history":[{"count":1,"href":"https:\/\/www.caririemacao.com\/1\/wp-json\/wp\/v2\/posts\/120304\/revisions"}],"predecessor-version":[{"id":120307,"href":"https:\/\/www.caririemacao.com\/1\/wp-json\/wp\/v2\/posts\/120304\/revisions\/120307"}],"wp:featuredmedia":[{"embeddable":true,"href":"https:\/\/www.caririemacao.com\/1\/wp-json\/wp\/v2\/media\/120306"}],"wp:attachment":[{"href":"https:\/\/www.caririemacao.com\/1\/wp-json\/wp\/v2\/media?parent=120304"}],"wp:term":[{"taxonomy":"category","embeddable":true,"href":"https:\/\/www.caririemacao.com\/1\/wp-json\/wp\/v2\/categories?post=120304"},{"taxonomy":"post_tag","embeddable":true,"href":"https:\/\/www.caririemacao.com\/1\/wp-json\/wp\/v2\/tags?post=120304"}],"curies":[{"name":"wp","href":"https:\/\/api.w.org\/{rel}","templated":true}]}}