{"id":120312,"date":"2019-09-25T16:28:05","date_gmt":"2019-09-25T19:28:05","guid":{"rendered":"http:\/\/www.caririemacao.com\/1\/?p=120312"},"modified":"2019-09-25T16:28:05","modified_gmt":"2019-09-25T19:28:05","slug":"prefeito-inacio-nobrega-participou-de-importante-reuniao-no-cisco","status":"publish","type":"post","link":"https:\/\/www.caririemacao.com\/1\/2019\/09\/25\/prefeito-inacio-nobrega-participou-de-importante-reuniao-no-cisco\/","title":{"rendered":"Prefeito In\u00e1cio N\u00f3brega participou de Importante Reuni\u00e3o no CISCO"},"content":{"rendered":"\n<p>Logo ap\u00f3s retorno da capital federal, o prefeito In\u00e1cio N\u00f3brega cumpriu agenda junto ao Cons\u00f3rcio Intermunicipal de Sa\u00fade do Cariri Ocidental &#8211; CISCO &#8211; na \u00faltima sexta-feira (20) no audit\u00f3rio da UNICIR &#8211; Faculdade do Cariri no munic\u00edpio de Sum\u00e9.<br>Na pauta da discuss\u00e3o constava: Aprova\u00e7\u00e3o do Plano Or\u00e7ament\u00e1rio para o Exerc\u00edcio 2020 do CISCO, Apresenta\u00e7\u00e3o do Banco do Nordeste para Disponibilidade de Fundos de Investimentos e, apresenta\u00e7\u00e3o da Unicir para Celebra\u00e7\u00e3o de Conv\u00eanios da Faculdade com as prefeituras.<br>Texto: Wanderley PauloFotos:Not\u00edcias em Destaque<\/p>\n","protected":false},"excerpt":{"rendered":"<p>Logo ap\u00f3s retorno da capital federal, o prefeito In\u00e1cio N\u00f3brega cumpriu agenda junto ao Cons\u00f3rcio Intermunicipal de Sa\u00fade do Cariri Ocidental &#8211; CISCO &#8211; na&hellip; <\/p>\n","protected":false},"author":1,"featured_media":120314,"comment_status":"closed","ping_status":"closed","sticky":false,"template":"","format":"standard","meta":{"sfsi_plus_gutenberg_text_before_share":"","sfsi_plus_gutenberg_show_text_before_share":"","sfsi_plus_gutenberg_icon_type":"","sfsi_plus_gutenberg_icon_alignemt":"","sfsi_plus_gutenburg_max_per_row":"","footnotes":""},"categories":[2],"tags":[],"class_list":["post-120312","post","type-post","status-publish","format-standard","has-post-thumbnail","hentry","category-geral"],"_links":{"self":[{"href":"https:\/\/www.caririemacao.com\/1\/wp-json\/wp\/v2\/posts\/120312","targetHints":{"allow":["GET"]}}],"collection":[{"href":"https:\/\/www.caririemacao.com\/1\/wp-json\/wp\/v2\/posts"}],"about":[{"href":"https:\/\/www.caririemacao.com\/1\/wp-json\/wp\/v2\/types\/post"}],"author":[{"embeddable":true,"href":"https:\/\/www.caririemacao.com\/1\/wp-json\/wp\/v2\/users\/1"}],"replies":[{"embeddable":true,"href":"https:\/\/www.caririemacao.com\/1\/wp-json\/wp\/v2\/comments?post=120312"}],"version-history":[{"count":1,"href":"https:\/\/www.caririemacao.com\/1\/wp-json\/wp\/v2\/posts\/120312\/revisions"}],"predecessor-version":[{"id":120315,"href":"https:\/\/www.caririemacao.com\/1\/wp-json\/wp\/v2\/posts\/120312\/revisions\/120315"}],"wp:featuredmedia":[{"embeddable":true,"href":"https:\/\/www.caririemacao.com\/1\/wp-json\/wp\/v2\/media\/120314"}],"wp:attachment":[{"href":"https:\/\/www.caririemacao.com\/1\/wp-json\/wp\/v2\/media?parent=120312"}],"wp:term":[{"taxonomy":"category","embeddable":true,"href":"https:\/\/www.caririemacao.com\/1\/wp-json\/wp\/v2\/categories?post=120312"},{"taxonomy":"post_tag","embeddable":true,"href":"https:\/\/www.caririemacao.com\/1\/wp-json\/wp\/v2\/tags?post=120312"}],"curies":[{"name":"wp","href":"https:\/\/api.w.org\/{rel}","templated":true}]}}