{"id":120322,"date":"2019-09-25T16:30:27","date_gmt":"2019-09-25T19:30:27","guid":{"rendered":"http:\/\/www.caririemacao.com\/1\/?p=120322"},"modified":"2019-09-25T16:30:27","modified_gmt":"2019-09-25T19:30:27","slug":"secretaria-municipal-de-prata-ja-deu-inicio-a-acoes-do-outubro-rosa","status":"publish","type":"post","link":"https:\/\/www.caririemacao.com\/1\/2019\/09\/25\/secretaria-municipal-de-prata-ja-deu-inicio-a-acoes-do-outubro-rosa\/","title":{"rendered":"Secretaria Municipal de Prata j\u00e1 deu in\u00edcio a a\u00e7\u00f5es do Outubro Rosa"},"content":{"rendered":"\n<p>A Secretaria Municipal de Sa\u00fade da Prata, atrav\u00e9s da Aten\u00e7\u00e3o B\u00e1sica e parceria com SEBRAE, deu in\u00edcio nesta ter\u00e7a-feira 24\/09 a campanha Outubro Rosa que tem como objetivo a educa\u00e7\u00e3o preventiva em busca de diagn\u00f3stico&nbsp;&nbsp;precoce do c\u00e2ncer de mama e como tamb\u00e9m c\u00e2ncer de colo do \u00fatero.<br>Na ocasi\u00e3o a equipe da secretaria abordou em reuni\u00e3o outros temas para as mulheres do munic\u00edpio, al\u00e9m dos cuidados cl\u00ednicos.<br>Foi oferecida palestra com Patr\u00edcia Barros que abordou o tema: &#8220;Mulheres Empreendedoras&#8221;.<br>O pr\u00f3ximo encontro ser\u00e1 no dia 01\/10 \u00e0s 14:00h no CRAS.<br><\/p>\n\n\n\n<figure class=\"wp-block-image\"><img decoding=\"async\" data-src=\"https:\/\/1.bp.blogspot.com\/-yVJSRZn6l-A\/XYqTsGdy9FI\/AAAAAAABUBc\/lAT20_BVlZIIdQ3lPKXfNhG1utYDrFYlACLcBGAsYHQ\/s280\/IMG-20190924-WA0339.jpg\" alt=\"\" src=\"data:image\/svg+xml;base64,PHN2ZyB3aWR0aD0iMSIgaGVpZ2h0PSIxIiB4bWxucz0iaHR0cDovL3d3dy53My5vcmcvMjAwMC9zdmciPjwvc3ZnPg==\" class=\"lazyload\" \/><\/figure>\n\n\n\n<p>Com PORTALCARIRIPB<\/p>\n","protected":false},"excerpt":{"rendered":"<p>A Secretaria Municipal de Sa\u00fade da Prata, atrav\u00e9s da Aten\u00e7\u00e3o B\u00e1sica e parceria com SEBRAE, deu in\u00edcio nesta ter\u00e7a-feira 24\/09 a campanha Outubro Rosa que&hellip; <\/p>\n","protected":false},"author":1,"featured_media":120324,"comment_status":"closed","ping_status":"closed","sticky":false,"template":"","format":"standard","meta":{"sfsi_plus_gutenberg_text_before_share":"","sfsi_plus_gutenberg_show_text_before_share":"","sfsi_plus_gutenberg_icon_type":"","sfsi_plus_gutenberg_icon_alignemt":"","sfsi_plus_gutenburg_max_per_row":"","footnotes":""},"categories":[2],"tags":[],"class_list":["post-120322","post","type-post","status-publish","format-standard","has-post-thumbnail","hentry","category-geral"],"_links":{"self":[{"href":"https:\/\/www.caririemacao.com\/1\/wp-json\/wp\/v2\/posts\/120322","targetHints":{"allow":["GET"]}}],"collection":[{"href":"https:\/\/www.caririemacao.com\/1\/wp-json\/wp\/v2\/posts"}],"about":[{"href":"https:\/\/www.caririemacao.com\/1\/wp-json\/wp\/v2\/types\/post"}],"author":[{"embeddable":true,"href":"https:\/\/www.caririemacao.com\/1\/wp-json\/wp\/v2\/users\/1"}],"replies":[{"embeddable":true,"href":"https:\/\/www.caririemacao.com\/1\/wp-json\/wp\/v2\/comments?post=120322"}],"version-history":[{"count":1,"href":"https:\/\/www.caririemacao.com\/1\/wp-json\/wp\/v2\/posts\/120322\/revisions"}],"predecessor-version":[{"id":120325,"href":"https:\/\/www.caririemacao.com\/1\/wp-json\/wp\/v2\/posts\/120322\/revisions\/120325"}],"wp:featuredmedia":[{"embeddable":true,"href":"https:\/\/www.caririemacao.com\/1\/wp-json\/wp\/v2\/media\/120324"}],"wp:attachment":[{"href":"https:\/\/www.caririemacao.com\/1\/wp-json\/wp\/v2\/media?parent=120322"}],"wp:term":[{"taxonomy":"category","embeddable":true,"href":"https:\/\/www.caririemacao.com\/1\/wp-json\/wp\/v2\/categories?post=120322"},{"taxonomy":"post_tag","embeddable":true,"href":"https:\/\/www.caririemacao.com\/1\/wp-json\/wp\/v2\/tags?post=120322"}],"curies":[{"name":"wp","href":"https:\/\/api.w.org\/{rel}","templated":true}]}}