{"id":120330,"date":"2019-09-25T16:34:37","date_gmt":"2019-09-25T19:34:37","guid":{"rendered":"http:\/\/www.caririemacao.com\/1\/?p=120330"},"modified":"2019-09-25T16:34:37","modified_gmt":"2019-09-25T19:34:37","slug":"prefeitura-de-monteiro-recupera-poco-na-zona-rural-e-garante-abastecimento-para-61-familias","status":"publish","type":"post","link":"https:\/\/www.caririemacao.com\/1\/2019\/09\/25\/prefeitura-de-monteiro-recupera-poco-na-zona-rural-e-garante-abastecimento-para-61-familias\/","title":{"rendered":"Prefeitura de Monteiro recupera po\u00e7o na Zona Rural e garante abastecimento para 61 fam\u00edlias"},"content":{"rendered":"\n<p>A Prefeitura de Monteiro, atrav\u00e9s da Secretaria de Agricultura, concluiu a instala\u00e7\u00e3o de um po\u00e7o artesiano com cata-vento e caixa d\u2019\u00e1gua de 10 mil litros, na comunidade rural da Vila Produtiva Rural Lafayette, garantindo abastecimento para 61 fam\u00edlias da comunidade.<\/p>\n\n\n\n<p>As fam\u00edlias que vivem na Vila foram retiradas das terras em que viviam para a constru\u00e7\u00e3o do canal da Transposi\u00e7\u00e3o do Rio S\u00e3o Francisco e desde a gest\u00e3o anterior (2015) vinham sofrendo com falta d\u2019\u00e1gua, tendo de retirar dinheiro do or\u00e7amento familiar para compra de \u00e1gua de carro pipa.<\/p>\n\n\n\n<p>Segundo os moradores, a gest\u00e3o anterior alegava que a responsabilidade pelo abastecimento seria do extinto Minist\u00e9rio da Integra\u00e7\u00e3o Nacional, que n\u00e3o teria entregue a obra conclu\u00edda, dentro do projeto que foi apresentado e por esse motivo n\u00e3o tinha obriga\u00e7\u00e3o de atender \u00e0 reivindica\u00e7\u00e3o, deixando os moradores \u00e0 m\u00edngua, sem \u00e1gua.<\/p>\n\n\n\n<p>No \u00faltimo final de semana, o Presidente da Associa\u00e7\u00e3o de Produtores Rurais, Agnaldo Freitas, encaminhou mensagem em \u00e1udio \u00e0 prefeita Anna Lorena e ao grupo dos presidentes de associa\u00e7\u00e3o, agradecendo a instala\u00e7\u00e3o do po\u00e7o artesiano que, diariamente, est\u00e1 garantindo a vaz\u00e3o de 10.000 mil litros de \u00e1gua\/dia ou 300 mil litros de \u00e1gua\/m\u00eas.<\/p>\n\n\n\n<p>Em resposta ao presidente, a Prefeita Anna Lorena, afirmou que em se tratando de \u00e1gua, n\u00e3o teria como jogar a responsabilidade para outros \u00f3rg\u00e3os e deixar de atender tantas fam\u00edlias.<\/p>\n\n\n\n<p>\u201cEu entendo e a comunidade sabe que a responsabilidade pela conclus\u00e3o efetiva da obra da Vila \u00e9 do Minist\u00e9rio do Desenvolvimento Regional \u2013 MDR. Mas o ministro est\u00e1 em Bras\u00edlia e as pessoas que moram na Vila est\u00e3o em Monteiro. Ent\u00e3o seria desumano da minha parte, eu jogar o problema nas costas dos outros e n\u00e3o tentar resolver o que for poss\u00edvel, dentro das minhas possibilidades. S\u00f3 quem sente sabe, o que \u00e9 n\u00e3o ter \u00e1gua pra nada.\u201d Concluiu Anna Lorena.<\/p>\n\n\n\n<p><em>Ascom PMM<\/em><\/p>\n","protected":false},"excerpt":{"rendered":"<p>A Prefeitura de Monteiro, atrav\u00e9s da Secretaria de Agricultura, concluiu a instala\u00e7\u00e3o de um po\u00e7o artesiano com cata-vento e caixa d\u2019\u00e1gua de 10 mil litros,&hellip; <\/p>\n","protected":false},"author":1,"featured_media":120332,"comment_status":"closed","ping_status":"closed","sticky":false,"template":"","format":"standard","meta":{"sfsi_plus_gutenberg_text_before_share":"","sfsi_plus_gutenberg_show_text_before_share":"","sfsi_plus_gutenberg_icon_type":"","sfsi_plus_gutenberg_icon_alignemt":"","sfsi_plus_gutenburg_max_per_row":"","footnotes":""},"categories":[2],"tags":[],"class_list":["post-120330","post","type-post","status-publish","format-standard","has-post-thumbnail","hentry","category-geral"],"_links":{"self":[{"href":"https:\/\/www.caririemacao.com\/1\/wp-json\/wp\/v2\/posts\/120330","targetHints":{"allow":["GET"]}}],"collection":[{"href":"https:\/\/www.caririemacao.com\/1\/wp-json\/wp\/v2\/posts"}],"about":[{"href":"https:\/\/www.caririemacao.com\/1\/wp-json\/wp\/v2\/types\/post"}],"author":[{"embeddable":true,"href":"https:\/\/www.caririemacao.com\/1\/wp-json\/wp\/v2\/users\/1"}],"replies":[{"embeddable":true,"href":"https:\/\/www.caririemacao.com\/1\/wp-json\/wp\/v2\/comments?post=120330"}],"version-history":[{"count":1,"href":"https:\/\/www.caririemacao.com\/1\/wp-json\/wp\/v2\/posts\/120330\/revisions"}],"predecessor-version":[{"id":120333,"href":"https:\/\/www.caririemacao.com\/1\/wp-json\/wp\/v2\/posts\/120330\/revisions\/120333"}],"wp:featuredmedia":[{"embeddable":true,"href":"https:\/\/www.caririemacao.com\/1\/wp-json\/wp\/v2\/media\/120332"}],"wp:attachment":[{"href":"https:\/\/www.caririemacao.com\/1\/wp-json\/wp\/v2\/media?parent=120330"}],"wp:term":[{"taxonomy":"category","embeddable":true,"href":"https:\/\/www.caririemacao.com\/1\/wp-json\/wp\/v2\/categories?post=120330"},{"taxonomy":"post_tag","embeddable":true,"href":"https:\/\/www.caririemacao.com\/1\/wp-json\/wp\/v2\/tags?post=120330"}],"curies":[{"name":"wp","href":"https:\/\/api.w.org\/{rel}","templated":true}]}}