{"id":120340,"date":"2019-09-25T16:38:20","date_gmt":"2019-09-25T19:38:20","guid":{"rendered":"http:\/\/www.caririemacao.com\/1\/?p=120340"},"modified":"2019-09-25T16:43:19","modified_gmt":"2019-09-25T19:43:19","slug":"policiais-da-prf-deflagram-megaoperacao-em-monteiro","status":"publish","type":"post","link":"https:\/\/www.caririemacao.com\/1\/2019\/09\/25\/policiais-da-prf-deflagram-megaoperacao-em-monteiro\/","title":{"rendered":"PRF deflagra megaopera\u00e7\u00e3o em Monteiro"},"content":{"rendered":"\n<p>Uma Megaopera\u00e7\u00e3o que ainda est\u00e1 em curso acontece na cidade de Monteiro nesta quarta-feira (25), no Cariri Paraibano.<\/p>\n\n\n\n<p>A Pol\u00edcia Rodovi\u00e1ria Federal est\u00e1 desencadeando uma Megaopera\u00e7\u00e3o na cidade de Monteiro desde as primeiras horas da manh\u00e3 desta quarta-feira (25), em contato com a PRF fomos informados de que a opera\u00e7\u00e3o estava em curso e n\u00e3o poderia ser passado detalhes da a\u00e7\u00e3o no munic\u00edpio de Monteiro.<\/p>\n\n\n\n<p>Diversas viaturas e in\u00fameros agentes est\u00e3o participando da a\u00e7\u00e3o, um helic\u00f3ptero tamb\u00e9m est\u00e1 dando apoio aos policiais, a quantidade de agentes e objetivo da a\u00e7\u00e3o n\u00e3o foram confirmadas pela PRF.<\/p>\n\n\n\n<p>Portaltvcariri<\/p>\n","protected":false},"excerpt":{"rendered":"<p>Uma Megaopera\u00e7\u00e3o que ainda est\u00e1 em curso acontece na cidade de Monteiro nesta quarta-feira (25), no Cariri Paraibano. A Pol\u00edcia Rodovi\u00e1ria Federal est\u00e1 desencadeando uma&hellip; <\/p>\n","protected":false},"author":2,"featured_media":120341,"comment_status":"closed","ping_status":"closed","sticky":false,"template":"","format":"standard","meta":{"sfsi_plus_gutenberg_text_before_share":"","sfsi_plus_gutenberg_show_text_before_share":"","sfsi_plus_gutenberg_icon_type":"","sfsi_plus_gutenberg_icon_alignemt":"","sfsi_plus_gutenburg_max_per_row":"","footnotes":""},"categories":[50,12],"tags":[],"class_list":["post-120340","post","type-post","status-publish","format-standard","has-post-thumbnail","hentry","category-destaque","category-policia"],"_links":{"self":[{"href":"https:\/\/www.caririemacao.com\/1\/wp-json\/wp\/v2\/posts\/120340","targetHints":{"allow":["GET"]}}],"collection":[{"href":"https:\/\/www.caririemacao.com\/1\/wp-json\/wp\/v2\/posts"}],"about":[{"href":"https:\/\/www.caririemacao.com\/1\/wp-json\/wp\/v2\/types\/post"}],"author":[{"embeddable":true,"href":"https:\/\/www.caririemacao.com\/1\/wp-json\/wp\/v2\/users\/2"}],"replies":[{"embeddable":true,"href":"https:\/\/www.caririemacao.com\/1\/wp-json\/wp\/v2\/comments?post=120340"}],"version-history":[{"count":2,"href":"https:\/\/www.caririemacao.com\/1\/wp-json\/wp\/v2\/posts\/120340\/revisions"}],"predecessor-version":[{"id":120343,"href":"https:\/\/www.caririemacao.com\/1\/wp-json\/wp\/v2\/posts\/120340\/revisions\/120343"}],"wp:featuredmedia":[{"embeddable":true,"href":"https:\/\/www.caririemacao.com\/1\/wp-json\/wp\/v2\/media\/120341"}],"wp:attachment":[{"href":"https:\/\/www.caririemacao.com\/1\/wp-json\/wp\/v2\/media?parent=120340"}],"wp:term":[{"taxonomy":"category","embeddable":true,"href":"https:\/\/www.caririemacao.com\/1\/wp-json\/wp\/v2\/categories?post=120340"},{"taxonomy":"post_tag","embeddable":true,"href":"https:\/\/www.caririemacao.com\/1\/wp-json\/wp\/v2\/tags?post=120340"}],"curies":[{"name":"wp","href":"https:\/\/api.w.org\/{rel}","templated":true}]}}