{"id":120349,"date":"2019-09-26T07:00:40","date_gmt":"2019-09-26T10:00:40","guid":{"rendered":"http:\/\/www.caririemacao.com\/1\/?p=120349"},"modified":"2019-09-26T07:00:40","modified_gmt":"2019-09-26T10:00:40","slug":"conferencia-municipal-de-assistencia-social-em-sao-jose-dos-cordeiros-discute-financiamento-publico-para-programas-sociais","status":"publish","type":"post","link":"https:\/\/www.caririemacao.com\/1\/2019\/09\/26\/conferencia-municipal-de-assistencia-social-em-sao-jose-dos-cordeiros-discute-financiamento-publico-para-programas-sociais\/","title":{"rendered":"Confer\u00eancia Municipal de Assist\u00eancia Social em S\u00e3o Jos\u00e9 dos Cordeiros discute financiamento p\u00fablico para programas sociais"},"content":{"rendered":"\n<p>Lideran\u00e7as pol\u00edticas e representantes sociais estiveram reunidos na manh\u00e3 desta ter\u00e7a-feira (24) participando da VIII Confer\u00eancia Municipal da Assist\u00eancia Social. A confer\u00eancia apesar de n\u00e3o obrigat\u00f3ria elegeu delegados para a confer\u00eancia estadual e discutiu importantes temas ligados ao setor.<\/p>\n\n\n\n<div class=\"wp-block-image\"><figure class=\"alignleft\"><img decoding=\"async\" data-src=\"http:\/\/deolhonocariri.com.br\/wp-content\/uploads\/2019\/09\/conferencia_assistencia_sjc_3-600x291.jpg\" alt=\"\" class=\"wp-image-72231 lazyload\" src=\"data:image\/svg+xml;base64,PHN2ZyB3aWR0aD0iMSIgaGVpZ2h0PSIxIiB4bWxucz0iaHR0cDovL3d3dy53My5vcmcvMjAwMC9zdmciPjwvc3ZnPg==\" style=\"--smush-placeholder-width: 600px; --smush-placeholder-aspect-ratio: 600\/291;\" \/><\/figure><\/div>\n\n\n\n<p>O tema do encontro deste ano foi: \u201cAssist\u00eancia Social: direito do povo, com financiamento p\u00fablico e participa\u00e7\u00e3o social\u201d. A principal discuss\u00e3o girou em torno da garantia de direitos para as pol\u00edticas p\u00fablicas voltadas \u00e0 Assist\u00eancia.<\/p>\n\n\n\n<p>\u201c\u00c9 preciso entender que a Assist\u00eancia Social n\u00e3o \u00e9 um favor, n\u00e3o \u00e9 uma a\u00e7\u00e3o de uma gest\u00e3o, \u00e9 uma pol\u00edtica permanente de governo que visa promover as pessoas que dela precisam e cumprem um papel social important\u00edssimo em nossa Na\u00e7\u00e3o\u201d, destacou o secret\u00e1rio de Assist\u00eancia Social S\u00e9rgio Sousa.<\/p>\n\n\n\n<div class=\"wp-block-image\"><figure class=\"alignright\"><img decoding=\"async\" data-src=\"http:\/\/deolhonocariri.com.br\/wp-content\/uploads\/2019\/09\/conferencia_assistencia_sjc-600x291.jpg\" alt=\"\" class=\"wp-image-72233 lazyload\" src=\"data:image\/svg+xml;base64,PHN2ZyB3aWR0aD0iMSIgaGVpZ2h0PSIxIiB4bWxucz0iaHR0cDovL3d3dy53My5vcmcvMjAwMC9zdmciPjwvc3ZnPg==\" style=\"--smush-placeholder-width: 600px; --smush-placeholder-aspect-ratio: 600\/291;\" \/><\/figure><\/div>\n\n\n\n<p>O evento contou em sua abertura com a participa\u00e7\u00e3o do prefeito Jefferson Roberto, que reiterou o compromisso com os programas sociais ofertados no munic\u00edpio e disse que \u00e9 com esfor\u00e7os que o Governo Municipal complementa o financiamento de programas como o SCFV, CRAS entre outros. \u201cNosso compromisso com a Assist\u00eancia Social est\u00e1 mantido e precisamos fortalecer a cobran\u00e7a ao Governo Federal, principal curador das pol\u00edticas sociais\u201d, reiterou o gestor.<\/p>\n","protected":false},"excerpt":{"rendered":"<p>Lideran\u00e7as pol\u00edticas e representantes sociais estiveram reunidos na manh\u00e3 desta ter\u00e7a-feira (24) participando da VIII Confer\u00eancia Municipal da Assist\u00eancia Social. A confer\u00eancia apesar de n\u00e3o&hellip; <\/p>\n","protected":false},"author":1,"featured_media":120351,"comment_status":"closed","ping_status":"closed","sticky":false,"template":"","format":"standard","meta":{"sfsi_plus_gutenberg_text_before_share":"","sfsi_plus_gutenberg_show_text_before_share":"","sfsi_plus_gutenberg_icon_type":"","sfsi_plus_gutenberg_icon_alignemt":"","sfsi_plus_gutenburg_max_per_row":"","footnotes":""},"categories":[2],"tags":[],"class_list":["post-120349","post","type-post","status-publish","format-standard","has-post-thumbnail","hentry","category-geral"],"_links":{"self":[{"href":"https:\/\/www.caririemacao.com\/1\/wp-json\/wp\/v2\/posts\/120349","targetHints":{"allow":["GET"]}}],"collection":[{"href":"https:\/\/www.caririemacao.com\/1\/wp-json\/wp\/v2\/posts"}],"about":[{"href":"https:\/\/www.caririemacao.com\/1\/wp-json\/wp\/v2\/types\/post"}],"author":[{"embeddable":true,"href":"https:\/\/www.caririemacao.com\/1\/wp-json\/wp\/v2\/users\/1"}],"replies":[{"embeddable":true,"href":"https:\/\/www.caririemacao.com\/1\/wp-json\/wp\/v2\/comments?post=120349"}],"version-history":[{"count":1,"href":"https:\/\/www.caririemacao.com\/1\/wp-json\/wp\/v2\/posts\/120349\/revisions"}],"predecessor-version":[{"id":120352,"href":"https:\/\/www.caririemacao.com\/1\/wp-json\/wp\/v2\/posts\/120349\/revisions\/120352"}],"wp:featuredmedia":[{"embeddable":true,"href":"https:\/\/www.caririemacao.com\/1\/wp-json\/wp\/v2\/media\/120351"}],"wp:attachment":[{"href":"https:\/\/www.caririemacao.com\/1\/wp-json\/wp\/v2\/media?parent=120349"}],"wp:term":[{"taxonomy":"category","embeddable":true,"href":"https:\/\/www.caririemacao.com\/1\/wp-json\/wp\/v2\/categories?post=120349"},{"taxonomy":"post_tag","embeddable":true,"href":"https:\/\/www.caririemacao.com\/1\/wp-json\/wp\/v2\/tags?post=120349"}],"curies":[{"name":"wp","href":"https:\/\/api.w.org\/{rel}","templated":true}]}}