{"id":120386,"date":"2019-09-26T07:25:51","date_gmt":"2019-09-26T10:25:51","guid":{"rendered":"http:\/\/www.caririemacao.com\/1\/?p=120386"},"modified":"2019-09-26T07:25:51","modified_gmt":"2019-09-26T10:25:51","slug":"policia-federal-prende-ex-governador-do-tocantins","status":"publish","type":"post","link":"https:\/\/www.caririemacao.com\/1\/2019\/09\/26\/policia-federal-prende-ex-governador-do-tocantins\/","title":{"rendered":"Pol\u00edcia Federal prende ex-governador do Tocantins"},"content":{"rendered":"\n<p>A\u00a0Pol\u00edcia Federal prendeu nesta quinta-feira (26) o ex-governador de Tocantins, Marcelo Miranda. Ele \u00e9 investigado em opera\u00e7\u00e3o sobre corrup\u00e7\u00e3o e foi preso em Bras\u00edlia, no apartamento funcional da mulher, a deputada Dulce Miranda. Ela n\u00e3o \u00e9 investigada.<\/p>\n\n\n\n<p>A opera\u00e7\u00e3o deflagrada hoje visa desarticular uma organiza\u00e7\u00e3o criminosa suspeita de pr\u00e1tica constante de atos de corrup\u00e7\u00e3o, peculato, fraudes em licita\u00e7\u00f5es, desvios de recursos p\u00fablicos, recebimento de vantagens indevidas, falsifica\u00e7\u00e3o de documentos e lavagem de capitais; s\u00e3o 11 mandados de busca e apreens\u00e3o e tr\u00eas mandados de pris\u00e3o preventiva.<\/p>\n\n\n\n<p>A a\u00e7\u00e3o de hoje busca interromper a continuidade do crime e a PF prende ex-governador de Tocantins.<\/p>\n\n\n\n<p>Marcelo Miranda foi preso em Bras\u00edlia, no apartamento funcional da mulher, a deputada Dulce Miranda. Ele \u00e9 investigado em opera\u00e7\u00e3o sobre corrup\u00e7\u00e3o.<\/p>\n","protected":false},"excerpt":{"rendered":"<p>A\u00a0Pol\u00edcia Federal prendeu nesta quinta-feira (26) o ex-governador de Tocantins, Marcelo Miranda. Ele \u00e9 investigado em opera\u00e7\u00e3o sobre corrup\u00e7\u00e3o e foi preso em Bras\u00edlia, no&hellip; <\/p>\n","protected":false},"author":1,"featured_media":120388,"comment_status":"closed","ping_status":"closed","sticky":false,"template":"","format":"standard","meta":{"sfsi_plus_gutenberg_text_before_share":"","sfsi_plus_gutenberg_show_text_before_share":"","sfsi_plus_gutenberg_icon_type":"","sfsi_plus_gutenberg_icon_alignemt":"","sfsi_plus_gutenburg_max_per_row":"","footnotes":""},"categories":[12],"tags":[],"class_list":["post-120386","post","type-post","status-publish","format-standard","has-post-thumbnail","hentry","category-policia"],"_links":{"self":[{"href":"https:\/\/www.caririemacao.com\/1\/wp-json\/wp\/v2\/posts\/120386","targetHints":{"allow":["GET"]}}],"collection":[{"href":"https:\/\/www.caririemacao.com\/1\/wp-json\/wp\/v2\/posts"}],"about":[{"href":"https:\/\/www.caririemacao.com\/1\/wp-json\/wp\/v2\/types\/post"}],"author":[{"embeddable":true,"href":"https:\/\/www.caririemacao.com\/1\/wp-json\/wp\/v2\/users\/1"}],"replies":[{"embeddable":true,"href":"https:\/\/www.caririemacao.com\/1\/wp-json\/wp\/v2\/comments?post=120386"}],"version-history":[{"count":1,"href":"https:\/\/www.caririemacao.com\/1\/wp-json\/wp\/v2\/posts\/120386\/revisions"}],"predecessor-version":[{"id":120389,"href":"https:\/\/www.caririemacao.com\/1\/wp-json\/wp\/v2\/posts\/120386\/revisions\/120389"}],"wp:featuredmedia":[{"embeddable":true,"href":"https:\/\/www.caririemacao.com\/1\/wp-json\/wp\/v2\/media\/120388"}],"wp:attachment":[{"href":"https:\/\/www.caririemacao.com\/1\/wp-json\/wp\/v2\/media?parent=120386"}],"wp:term":[{"taxonomy":"category","embeddable":true,"href":"https:\/\/www.caririemacao.com\/1\/wp-json\/wp\/v2\/categories?post=120386"},{"taxonomy":"post_tag","embeddable":true,"href":"https:\/\/www.caririemacao.com\/1\/wp-json\/wp\/v2\/tags?post=120386"}],"curies":[{"name":"wp","href":"https:\/\/api.w.org\/{rel}","templated":true}]}}