{"id":120410,"date":"2019-09-26T07:30:10","date_gmt":"2019-09-26T10:30:10","guid":{"rendered":"http:\/\/www.caririemacao.com\/1\/?p=120410"},"modified":"2019-09-26T07:30:10","modified_gmt":"2019-09-26T10:30:10","slug":"em-trajetoria-de-queda-aprovacao-de-bolsonaro-chega-a-31","status":"publish","type":"post","link":"https:\/\/www.caririemacao.com\/1\/2019\/09\/26\/em-trajetoria-de-queda-aprovacao-de-bolsonaro-chega-a-31\/","title":{"rendered":"Em trajet\u00f3ria de queda, aprova\u00e7\u00e3o de Bolsonaro chega a 31%"},"content":{"rendered":"\n<p>Nova pesquisa Ibope divulgada nesta quarta-feira mostra que a popularidade do presidente Jair Bolsonaro est\u00e1 em trajet\u00f3ria de queda. O porcentual de pessoas que avaliavam o seu governo como ruim e p\u00e9ssimo oscilou para 34% em setembro \u2013 em junho, era 32%, e em abril, 27%. Por outro lado, quem considera a sua gest\u00e3o \u00f3tima ou boa diminuiu para 31% \u2013 em junho, era 32%, e em abril, 35%. J\u00e1 quem classifica a administra\u00e7\u00e3o como regular permaneceu em 32% \u2013 em junho, 32%, e em abril, 31%.<\/p>\n\n\n\n<p>As oscila\u00e7\u00f5es deste m\u00eas ocorreram dentro da margem de erro, de dois pontos para mais ou para menos, mas, se comparadas com as registradas nas \u00faltimas pesquisas, percebe-se que h\u00e1 uma tend\u00eancia de queda na aprova\u00e7\u00e3o do governo Bolsonaro. A pesquisa foi encomendada pela Confedera\u00e7\u00e3o Nacional da Ind\u00fastria (CNI) e foi feita entre os dias 19 e 22 de setembro, com 2.000 pessoas em 126 munic\u00edpios.<\/p>\n","protected":false},"excerpt":{"rendered":"<p>Nova pesquisa Ibope divulgada nesta quarta-feira mostra que a popularidade do presidente Jair Bolsonaro est\u00e1 em trajet\u00f3ria de queda. O porcentual de pessoas que avaliavam&hellip; <\/p>\n","protected":false},"author":1,"featured_media":119718,"comment_status":"closed","ping_status":"closed","sticky":false,"template":"","format":"standard","meta":{"sfsi_plus_gutenberg_text_before_share":"","sfsi_plus_gutenberg_show_text_before_share":"","sfsi_plus_gutenberg_icon_type":"","sfsi_plus_gutenberg_icon_alignemt":"","sfsi_plus_gutenburg_max_per_row":"","footnotes":""},"categories":[11],"tags":[],"class_list":["post-120410","post","type-post","status-publish","format-standard","has-post-thumbnail","hentry","category-politica"],"_links":{"self":[{"href":"https:\/\/www.caririemacao.com\/1\/wp-json\/wp\/v2\/posts\/120410","targetHints":{"allow":["GET"]}}],"collection":[{"href":"https:\/\/www.caririemacao.com\/1\/wp-json\/wp\/v2\/posts"}],"about":[{"href":"https:\/\/www.caririemacao.com\/1\/wp-json\/wp\/v2\/types\/post"}],"author":[{"embeddable":true,"href":"https:\/\/www.caririemacao.com\/1\/wp-json\/wp\/v2\/users\/1"}],"replies":[{"embeddable":true,"href":"https:\/\/www.caririemacao.com\/1\/wp-json\/wp\/v2\/comments?post=120410"}],"version-history":[{"count":1,"href":"https:\/\/www.caririemacao.com\/1\/wp-json\/wp\/v2\/posts\/120410\/revisions"}],"predecessor-version":[{"id":120412,"href":"https:\/\/www.caririemacao.com\/1\/wp-json\/wp\/v2\/posts\/120410\/revisions\/120412"}],"wp:featuredmedia":[{"embeddable":true,"href":"https:\/\/www.caririemacao.com\/1\/wp-json\/wp\/v2\/media\/119718"}],"wp:attachment":[{"href":"https:\/\/www.caririemacao.com\/1\/wp-json\/wp\/v2\/media?parent=120410"}],"wp:term":[{"taxonomy":"category","embeddable":true,"href":"https:\/\/www.caririemacao.com\/1\/wp-json\/wp\/v2\/categories?post=120410"},{"taxonomy":"post_tag","embeddable":true,"href":"https:\/\/www.caririemacao.com\/1\/wp-json\/wp\/v2\/tags?post=120410"}],"curies":[{"name":"wp","href":"https:\/\/api.w.org\/{rel}","templated":true}]}}