{"id":120423,"date":"2019-09-26T07:32:03","date_gmt":"2019-09-26T10:32:03","guid":{"rendered":"http:\/\/www.caririemacao.com\/1\/?p=120423"},"modified":"2019-09-26T07:32:03","modified_gmt":"2019-09-26T10:32:03","slug":"paraiba-entra-na-lista-dos-estados-com-transmissao-ativa-de-sarampo-diz-ministerio-da-saude","status":"publish","type":"post","link":"https:\/\/www.caririemacao.com\/1\/2019\/09\/26\/paraiba-entra-na-lista-dos-estados-com-transmissao-ativa-de-sarampo-diz-ministerio-da-saude\/","title":{"rendered":"Para\u00edba entra na lista dos estados com transmiss\u00e3o ativa de sarampo, diz Minist\u00e9rio da Sa\u00fade"},"content":{"rendered":"\n<p>A Para\u00edba passou a integrar a lista de estados com transmiss\u00e3o ativa do sarampo. Os munic\u00edpios paraibanos somam cinco casos da doen\u00e7a, como o&nbsp;<a href=\"https:\/\/www.clickpb.com.br\/saude\/paraiba-tem-cinco-casos-confirmados-de-sarampo-e-35-em-investigacao-268197.html\">ClickPB j\u00e1 havia noticiado<\/a>. Os dados s\u00e3o do boletim epidemiol\u00f3gico do Minist\u00e9rio da Sa\u00fade, correspondente ao per\u00edodo de 30 de junho a 21 de setembro.<\/p>\n\n\n\n<p>Al\u00e9m da Para\u00edba, o Cear\u00e1 tamb\u00e9m entrou para a lista dos estados com transmiss\u00e3o ativa do sarampo. O Brasil registra 4.507 casos confirmados de sarampo em 19 estados, nos \u00faltimos 90 dias, o que representa um crescimento de 13% em rela\u00e7\u00e3o ao \u00faltimo monitoramento.<\/p>\n\n\n\n<p><strong>Saiba mais<\/strong><\/p>\n\n\n\n<p><a href=\"https:\/\/www.clickpb.com.br\/saude\/secretario-de-saude-considera-que-paraiba-nao-tem-surto-de-sarampo-268209.html\">Secret\u00e1rio de Sa\u00fade considera que Para\u00edba n\u00e3o tem surto de sarampo<\/a><\/p>\n\n\n\n<p>Do total nacional, 97,5% dos registros est\u00e3o concentrados em 168 munic\u00edpios de S\u00e3o Paulo, principalmente na regi\u00e3o metropolitana. O atual boletim apresenta, ainda, 21.711 casos em investiga\u00e7\u00e3o e 5.818 que foram descartados. N\u00e3o h\u00e1 novos registros de \u00f3bitos.<\/p>\n\n\n\n<p>Os casos confirmados nesse per\u00edodo representam 84,3% do total no ano de 2019. A maioria dos registros est\u00e1 em S\u00e3o Paulo (4.374), seguido do Rio de Janeiro (22), Pernambuco (22), Minas Gerais (22), Santa Catarina (12), Paran\u00e1 (13), Rio Grande do Sul (7), Cear\u00e1 (5), Para\u00edba (5), Maranh\u00e3o (4), Goi\u00e1s (4), Rio Grande do Norte (4), Distrito Federal (3), Par\u00e1 (3), Mato Grosso do Sul (2), Piau\u00ed (2), Esp\u00edrito Santo (1), Bahia (1) e Sergipe (1).<\/p>\n\n\n\n<p>O sarampo \u00e9 uma doen\u00e7a viral aguda similar a uma infec\u00e7\u00e3o do trato respirat\u00f3rio superior. \u00c9 grave, principalmente em crian\u00e7as menores de cinco anos, desnutridos e imunodeprimidos. A transmiss\u00e3o do v\u00edrus ocorre a partir de got\u00edculas de pessoas doentes ao espirrar, tossir, falar ou respirar pr\u00f3ximo de pessoas sem imunidade contra o v\u00edrus sarampo.<\/p>\n\n\n\n<p>Apesar da faixa et\u00e1ria de 20 a 29 anos apresentar o maior n\u00famero de casos confirmados registrados, a incid\u00eancia de casos em menores de 1 ano \u00e9 10 vezes maior em rela\u00e7\u00e3o \u00e0 popula\u00e7\u00e3o em geral. A cada 100 mil habitantes, 64 crian\u00e7as nessa faixa et\u00e1ria obtiveram confirma\u00e7\u00e3o para o sarampo. A segunda faixa et\u00e1ria mais atingida \u00e9 de 1 a 4 anos. Neste ano, foram confirmados quatro \u00f3bitos por sarampo: tr\u00eas \u00f3bitos ocorreram em menores de 1 ano de idade; e um \u00f3bito em um indiv\u00edduo de 42 anos. Nenhum dos quatro casos eram vacinados contra a doen\u00e7a.<\/p>\n\n\n\n<figure class=\"wp-block-image\"><img decoding=\"async\" data-src=\"https:\/\/www.clickpb.com.br\/media\/filer_public\/8b\/e7\/8be723d3-171d-4d84-8bf4-dd3d21704ca8\/sarampo_casos_por_estado_boletim_epidemiologico_ministerio_da_saude_250919.png\" alt=\"\" src=\"data:image\/svg+xml;base64,PHN2ZyB3aWR0aD0iMSIgaGVpZ2h0PSIxIiB4bWxucz0iaHR0cDovL3d3dy53My5vcmcvMjAwMC9zdmciPjwvc3ZnPg==\" class=\"lazyload\" \/><\/figure>\n","protected":false},"excerpt":{"rendered":"<p>A Para\u00edba passou a integrar a lista de estados com transmiss\u00e3o ativa do sarampo. Os munic\u00edpios paraibanos somam cinco casos da doen\u00e7a, como o&nbsp;ClickPB j\u00e1&hellip; <\/p>\n","protected":false},"author":1,"featured_media":113771,"comment_status":"closed","ping_status":"closed","sticky":false,"template":"","format":"standard","meta":{"sfsi_plus_gutenberg_text_before_share":"","sfsi_plus_gutenberg_show_text_before_share":"","sfsi_plus_gutenberg_icon_type":"","sfsi_plus_gutenberg_icon_alignemt":"","sfsi_plus_gutenburg_max_per_row":"","footnotes":""},"categories":[16],"tags":[],"class_list":["post-120423","post","type-post","status-publish","format-standard","has-post-thumbnail","hentry","category-saude"],"_links":{"self":[{"href":"https:\/\/www.caririemacao.com\/1\/wp-json\/wp\/v2\/posts\/120423","targetHints":{"allow":["GET"]}}],"collection":[{"href":"https:\/\/www.caririemacao.com\/1\/wp-json\/wp\/v2\/posts"}],"about":[{"href":"https:\/\/www.caririemacao.com\/1\/wp-json\/wp\/v2\/types\/post"}],"author":[{"embeddable":true,"href":"https:\/\/www.caririemacao.com\/1\/wp-json\/wp\/v2\/users\/1"}],"replies":[{"embeddable":true,"href":"https:\/\/www.caririemacao.com\/1\/wp-json\/wp\/v2\/comments?post=120423"}],"version-history":[{"count":1,"href":"https:\/\/www.caririemacao.com\/1\/wp-json\/wp\/v2\/posts\/120423\/revisions"}],"predecessor-version":[{"id":120425,"href":"https:\/\/www.caririemacao.com\/1\/wp-json\/wp\/v2\/posts\/120423\/revisions\/120425"}],"wp:featuredmedia":[{"embeddable":true,"href":"https:\/\/www.caririemacao.com\/1\/wp-json\/wp\/v2\/media\/113771"}],"wp:attachment":[{"href":"https:\/\/www.caririemacao.com\/1\/wp-json\/wp\/v2\/media?parent=120423"}],"wp:term":[{"taxonomy":"category","embeddable":true,"href":"https:\/\/www.caririemacao.com\/1\/wp-json\/wp\/v2\/categories?post=120423"},{"taxonomy":"post_tag","embeddable":true,"href":"https:\/\/www.caririemacao.com\/1\/wp-json\/wp\/v2\/tags?post=120423"}],"curies":[{"name":"wp","href":"https:\/\/api.w.org\/{rel}","templated":true}]}}