{"id":120436,"date":"2019-09-26T07:35:15","date_gmt":"2019-09-26T10:35:15","guid":{"rendered":"http:\/\/www.caririemacao.com\/1\/?p=120436"},"modified":"2019-09-26T07:35:15","modified_gmt":"2019-09-26T10:35:15","slug":"prf-apreende-29-pistolas-em-um-carro-na-br-277-no-parana","status":"publish","type":"post","link":"https:\/\/www.caririemacao.com\/1\/2019\/09\/26\/prf-apreende-29-pistolas-em-um-carro-na-br-277-no-parana\/","title":{"rendered":"PRF apreende 29 pistolas em um carro na BR 277 no Paran\u00e1"},"content":{"rendered":"\n<p>A Pol\u00edcia Rodovi\u00e1ria Federal (PRF) apreendeu 29 pistolas, sendo 16 delas com mira laser, em um carro que trafegava pela rodovia BR-277, no Paran\u00e1. A a\u00e7\u00e3o come\u00e7ou por volta das 21h30 dessa quarta-feira (25), quando uma equipe da PRF fazia ronda na altura do quil\u00f4metro 713 da rodovia, na altura de S\u00e3o Miguel do Igua\u00e7u, percebeu um carro cujo o motorista estava em atitude suspeita e resolveu abord\u00e1-lo.<\/p>\n\n\n\n<p>No entanto, ao darem ordem de parada, o motorista acelerou o ve\u00edculo, dando in\u00edcio a uma persegui\u00e7\u00e3o em alta velocidade, na dire\u00e7\u00e3o de Cascavel. Ao longo de mais de 20 quil\u00f4metros, o carro fez v\u00e1rias ultrapassagens pelo acostamento, e chegou a arrancar uma das cancelas da pra\u00e7a de ped\u00e1gio de S\u00e3o Miguel do Igua\u00e7u. O motorista por vezes, em sua fuga, chegou a ultrapassar a velocidade de 200 quil\u00f4metros por hora.<\/p>\n\n\n\n<figure class=\"wp-block-image\"><img decoding=\"async\" data-src=\"http:\/\/imagens.ebc.com.br\/iyD27VWNV3PCjy4UYF_eEnX5-0I=\/754x0\/smart\/http:\/\/agenciabrasil.ebc.com.br\/sites\/default\/files\/thumbnails\/image\/pistolas_2.jpg?itok=zPT-fQZE\" alt=\"Do total de armas apreendidas, 20 s\u00e3o de fabrica\u00e7\u00e3o argentina e as demais de origem turca\" src=\"data:image\/svg+xml;base64,PHN2ZyB3aWR0aD0iMSIgaGVpZ2h0PSIxIiB4bWxucz0iaHR0cDovL3d3dy53My5vcmcvMjAwMC9zdmciPjwvc3ZnPg==\" class=\"lazyload\" \/><\/figure>\n\n\n\n<p>Do total de armas apreendidas, 20 s\u00e3o de fabrica\u00e7\u00e3o argentina e as demais de origem turca &#8211;&nbsp;<strong>Divulga\u00e7\u00e3o Pol\u00edcia Rodovi\u00e1ria Federal<\/strong><\/p>\n\n\n\n<p>Na altura do quil\u00f4metro 690 da BR-277, o condutor perdeu o controle do carro, que saiu da pista e colidiu contra uma defensa met\u00e1lica (guard rail). O motorista e um passageiro conseguiram fugir a p\u00e9. Outro passageiro foi preso, com les\u00f5es leves.<\/p>\n\n\n\n<p>As 29 pistolas estavam dentro de duas mochilas. Do total de armas apreendidas, 20 s\u00e3o de fabrica\u00e7\u00e3o argentina e as demais de origem turca. Dezesseis delas estavam equipadas com mira laser. Tamb\u00e9m foram apreendidos 39 carregadores.<\/p>\n\n\n\n<p>O passageiro preso disse aos policiais ser morador no bairro de Copacabana, no Rio de Janeiro. Ele recebeu atendimento m\u00e9dico na Unidade de Pronto Atendimento de Santa Terezinha de Itaipu, recebendo alta m\u00e9dica pouco depois da meia-noite.<\/p>\n\n\n\n<p>O suspeito falou ainda aos agentes da PRF que o grupo seguiria com as armas inicialmente at\u00e9 Medianeira, no Paran\u00e1, mas o destino final era a capital fluminense.<\/p>\n\n\n\n<p>A PRF encaminhou as armas, o preso e o carro para a Delegacia da Pol\u00edcia Federal em Foz do Igua\u00e7u.<\/p>\n","protected":false},"excerpt":{"rendered":"<p>A Pol\u00edcia Rodovi\u00e1ria Federal (PRF) apreendeu 29 pistolas, sendo 16 delas com mira laser, em um carro que trafegava pela rodovia BR-277, no Paran\u00e1. A&hellip; <\/p>\n","protected":false},"author":1,"featured_media":29918,"comment_status":"closed","ping_status":"closed","sticky":false,"template":"","format":"standard","meta":{"sfsi_plus_gutenberg_text_before_share":"","sfsi_plus_gutenberg_show_text_before_share":"","sfsi_plus_gutenberg_icon_type":"","sfsi_plus_gutenberg_icon_alignemt":"","sfsi_plus_gutenburg_max_per_row":"","footnotes":""},"categories":[12],"tags":[],"class_list":["post-120436","post","type-post","status-publish","format-standard","has-post-thumbnail","hentry","category-policia"],"_links":{"self":[{"href":"https:\/\/www.caririemacao.com\/1\/wp-json\/wp\/v2\/posts\/120436","targetHints":{"allow":["GET"]}}],"collection":[{"href":"https:\/\/www.caririemacao.com\/1\/wp-json\/wp\/v2\/posts"}],"about":[{"href":"https:\/\/www.caririemacao.com\/1\/wp-json\/wp\/v2\/types\/post"}],"author":[{"embeddable":true,"href":"https:\/\/www.caririemacao.com\/1\/wp-json\/wp\/v2\/users\/1"}],"replies":[{"embeddable":true,"href":"https:\/\/www.caririemacao.com\/1\/wp-json\/wp\/v2\/comments?post=120436"}],"version-history":[{"count":1,"href":"https:\/\/www.caririemacao.com\/1\/wp-json\/wp\/v2\/posts\/120436\/revisions"}],"predecessor-version":[{"id":120438,"href":"https:\/\/www.caririemacao.com\/1\/wp-json\/wp\/v2\/posts\/120436\/revisions\/120438"}],"wp:featuredmedia":[{"embeddable":true,"href":"https:\/\/www.caririemacao.com\/1\/wp-json\/wp\/v2\/media\/29918"}],"wp:attachment":[{"href":"https:\/\/www.caririemacao.com\/1\/wp-json\/wp\/v2\/media?parent=120436"}],"wp:term":[{"taxonomy":"category","embeddable":true,"href":"https:\/\/www.caririemacao.com\/1\/wp-json\/wp\/v2\/categories?post=120436"},{"taxonomy":"post_tag","embeddable":true,"href":"https:\/\/www.caririemacao.com\/1\/wp-json\/wp\/v2\/tags?post=120436"}],"curies":[{"name":"wp","href":"https:\/\/api.w.org\/{rel}","templated":true}]}}