{"id":120445,"date":"2019-09-26T07:36:45","date_gmt":"2019-09-26T10:36:45","guid":{"rendered":"http:\/\/www.caririemacao.com\/1\/?p=120445"},"modified":"2019-09-26T07:36:45","modified_gmt":"2019-09-26T10:36:45","slug":"corinthians-luta-muito-mas-e-eliminado-da-sul-americana","status":"publish","type":"post","link":"https:\/\/www.caririemacao.com\/1\/2019\/09\/26\/corinthians-luta-muito-mas-e-eliminado-da-sul-americana\/","title":{"rendered":"Corinthians luta muito, mas \u00e9 eliminado da Sul-Americana"},"content":{"rendered":"\n<p>O Corinthians lutou, chegou a abrir o marcador, mas empatou em 2 a 2 com o Independiente Del Valle, do Equador, e acabou sendo eliminado da Copa Sul-Americana em jogo disputado nesta quarta (25) no Est\u00e1dio Ol\u00edmpico Atahualpa, em Quito.<\/p>\n\n\n\n<p>Como perdeu de 2 a 0 na partida de ida, para avan\u00e7ar para a final da competi\u00e7\u00e3o a equipe paulista precisava vencer por 2 a 0 no tempo normal para levar para os p\u00eanaltis, ou triunfar por mais de dois gols de diferen\u00e7a em caso de marcar 3 ou mais vezes.<\/p>\n\n\n\n<p>Assim, desde o primeiro minuto o time paulista partiu para o ataque, e abriu o placar aos 23 do primeiro tempo. Pedrinho puxa contra-ataque, manda para Vagner Love, que toca para o argentino Boselli escorar para o fundo do gol de Pinos.<\/p>\n\n\n\n<p>Mas o Independiente soube administrar a vantagem. E aos 22 do segundo tempo conseguiu igualar o marcador. S\u00e1nchez recebe lan\u00e7amento longo, parte em velocidade e bate na sa\u00edda do goleiro C\u00e1ssio.<\/p>\n\n\n\n<p>O Corinthians manteve a press\u00e3o, e conseguiu fazer o segundo ap\u00f3s o juiz assinalar p\u00eanalti a seu favor. O atacante Clayson cobrou com perfei\u00e7\u00e3o para vencer Pinos aos 41.<\/p>\n\n\n\n<p>Por\u00e9m, o time equatoriano conseguiu empatar aos 44. Ap\u00f3s r\u00e1pido contra-ataque de Mera o atacante Cabeza vence C\u00e1ssio. 2 a 2 resultado final.<\/p>\n\n\n\n<p>O advers\u00e1rio do Independiente Del Valle na final da Sul-Americana ser\u00e1 definido nesta quinta. Ap\u00f3s perder de 2 a 1 para o Col\u00f3n, no jogo de ida, o Atl\u00e9tico Mineiro recebe o time argentino no Mineir\u00e3o.<\/p>\n","protected":false},"excerpt":{"rendered":"<p>O Corinthians lutou, chegou a abrir o marcador, mas empatou em 2 a 2 com o Independiente Del Valle, do Equador, e acabou sendo eliminado&hellip; <\/p>\n","protected":false},"author":1,"featured_media":92819,"comment_status":"closed","ping_status":"closed","sticky":false,"template":"","format":"standard","meta":{"sfsi_plus_gutenberg_text_before_share":"","sfsi_plus_gutenberg_show_text_before_share":"","sfsi_plus_gutenberg_icon_type":"","sfsi_plus_gutenberg_icon_alignemt":"","sfsi_plus_gutenburg_max_per_row":"","footnotes":""},"categories":[13],"tags":[],"class_list":["post-120445","post","type-post","status-publish","format-standard","has-post-thumbnail","hentry","category-esportes"],"_links":{"self":[{"href":"https:\/\/www.caririemacao.com\/1\/wp-json\/wp\/v2\/posts\/120445","targetHints":{"allow":["GET"]}}],"collection":[{"href":"https:\/\/www.caririemacao.com\/1\/wp-json\/wp\/v2\/posts"}],"about":[{"href":"https:\/\/www.caririemacao.com\/1\/wp-json\/wp\/v2\/types\/post"}],"author":[{"embeddable":true,"href":"https:\/\/www.caririemacao.com\/1\/wp-json\/wp\/v2\/users\/1"}],"replies":[{"embeddable":true,"href":"https:\/\/www.caririemacao.com\/1\/wp-json\/wp\/v2\/comments?post=120445"}],"version-history":[{"count":1,"href":"https:\/\/www.caririemacao.com\/1\/wp-json\/wp\/v2\/posts\/120445\/revisions"}],"predecessor-version":[{"id":120447,"href":"https:\/\/www.caririemacao.com\/1\/wp-json\/wp\/v2\/posts\/120445\/revisions\/120447"}],"wp:featuredmedia":[{"embeddable":true,"href":"https:\/\/www.caririemacao.com\/1\/wp-json\/wp\/v2\/media\/92819"}],"wp:attachment":[{"href":"https:\/\/www.caririemacao.com\/1\/wp-json\/wp\/v2\/media?parent=120445"}],"wp:term":[{"taxonomy":"category","embeddable":true,"href":"https:\/\/www.caririemacao.com\/1\/wp-json\/wp\/v2\/categories?post=120445"},{"taxonomy":"post_tag","embeddable":true,"href":"https:\/\/www.caririemacao.com\/1\/wp-json\/wp\/v2\/tags?post=120445"}],"curies":[{"name":"wp","href":"https:\/\/api.w.org\/{rel}","templated":true}]}}