{"id":120465,"date":"2019-09-26T07:57:08","date_gmt":"2019-09-26T10:57:08","guid":{"rendered":"http:\/\/www.caririemacao.com\/1\/?p=120465"},"modified":"2019-09-26T07:57:08","modified_gmt":"2019-09-26T10:57:08","slug":"pais-pode-receber-r-50-bi-em-investimentos-em-infraestrutura-em-2020","status":"publish","type":"post","link":"https:\/\/www.caririemacao.com\/1\/2019\/09\/26\/pais-pode-receber-r-50-bi-em-investimentos-em-infraestrutura-em-2020\/","title":{"rendered":"Pa\u00eds pode receber R$ 50 bi em investimentos em infraestrutura em 2020"},"content":{"rendered":"\n<p><br>O Brasil poder\u00e1 receber R$ 50 bilh\u00f5es de investimentos, nacionais e estrangeiros, nas \u00e1reas de infraestrutura em 2020. A estimativa \u00e9 do ministro da Infraestrutura, Tarc\u00edsio Freitas, que participou, nesta quarta-feira (25), da inaugura\u00e7\u00e3o da nova pista do Aeroporto Santos Dumont, no Rio de Janeiro. Ele esteve nos Estados Unidos nos \u00faltimos dias, quando realizou v\u00e1rias reuni\u00f5es de neg\u00f3cios com investidores estrangeiros, principalmente americanos e canadenses.<\/p>\n\n\n\n<p>\u201cA gente teve reuni\u00f5es com 68 fundos, bancos de investimentos, fundos de pens\u00e3o, fundos soberanos. Foram 21 reuni\u00f5es. Se a gente somar o que s\u00f3 os fundos administram de ativos, d\u00e1 mais de US$ 2 trilh\u00f5es. Eles est\u00e3o olhando para tudo: aeroportos, portos, rodovias, companhias brasileiras, Eletrobras. O apetite \u00e9 enorme\u201d, disse Tarc\u00edsio.<\/p>\n\n\n\n<p>Segundo o ministro, haver\u00e1 um grande crescimento no volume total de investimentos no setor de infraestrutura, de forma geral, para o pr\u00f3ximo ano. \u201cEste ano a gente vai fechar com R$ 11 bilh\u00f5es de investimento contratado s\u00f3 nos leil\u00f5es que fizemos de arrendamento portu\u00e1rio, de rodovias, de ferrovias e aeroportos. Se a gente somar com os investimentos autorizados no setor portu\u00e1rio, chega a R$ 30 bilh\u00f5es, em contratos assinados este ano. Acho que a gente pode chegar, seguramente, no ano que vem, nos R$ 50 bilh\u00f5es contratados, para todos os segmentos, [com investidores] nacionais e internacionais\u201d, estimou o ministro.<\/p>\n\n\n\n<figure class=\"wp-block-image\"><img decoding=\"async\" data-src=\"http:\/\/imagens.ebc.com.br\/gFqtmvwfBUoB5qcjb35HHyC9LFY=\/754x0\/smart\/http:\/\/agenciabrasil.ebc.com.br\/sites\/default\/files\/thumbnails\/image\/tmazs_abr_25091923544.jpg?itok=pc5FjZOz\" alt=\" Avi\u00e3o na pista do Aeroporto Santros Dumont ap\u00f3s reforma.\" src=\"data:image\/svg+xml;base64,PHN2ZyB3aWR0aD0iMSIgaGVpZ2h0PSIxIiB4bWxucz0iaHR0cDovL3d3dy53My5vcmcvMjAwMC9zdmciPjwvc3ZnPg==\" class=\"lazyload\" \/><\/figure>\n\n\n\n<p>Avi\u00e3o na pista do Aeroporto Santos Dumont ap\u00f3s reforma&nbsp;&#8211;&nbsp;<strong>Tomaz Silva\/Ag\u00eancia Brasil<\/strong><\/p>\n\n\n\n<h2 class=\"wp-block-heading\">Aeroportos<\/h2>\n\n\n\n<p>Tarc\u00edsio tamb\u00e9m abordou o programa de concess\u00e3o dos aeroportos da Infraero, que dever\u00e3o passar para o controle da iniciativa privada at\u00e9 2022. O ministro explicou que existe um cronograma de concess\u00f5es e que ele est\u00e1 sendo seguido \u00e0 risca.<\/p>\n\n\n\n<p>\u201cO pr\u00f3ximo passo \u00e9 fazer o leil\u00e3o, em outubro do ano que vem, de 22 aeroportos. S\u00e3o tr\u00eas blocos: o Norte 1, o Centro e o Sul. A partir do momento em que a gente faz o leil\u00e3o, inicia a estrutura\u00e7\u00e3o da s\u00e9tima e \u00faltima rodada, com mais 19 aeroportos, em tr\u00eas blocos, a\u00ed sim [incluindo] Congonhas e Santos Dumont. A previs\u00e3o \u00e9 final de 2021, in\u00edcio de 2022, n\u00e3o vai fugir muito disso. [At\u00e9 2022, ter\u00e3o sido concedidos] 41 da rede da Infraero, todos os aeroportos\u201d, disse.<\/p>\n\n\n\n<p>No pr\u00f3ximo ano, o ministro disse que a pista de Congonhas passar\u00e1 por reformas. Ele destacou que a reforma do Santos Dumont foi conclu\u00edda em tempo recorde. Em 28 dias, foi trocada a camada que recobre a pista principal, com um asfalto especial, poroso, que escoa praticamente de forma imediata a \u00e1gua da chuva, garantindo maior ader\u00eancia nos pousos e decolagens, conferindo maior seguran\u00e7a nas opera\u00e7\u00f5es. A pista&nbsp;<a href=\"http:\/\/agenciabrasil.ebc.com.br\/geral\/noticia\/2019-09\/pista-principal-do-aeroporto-santos-dumont-sera-liberada-no-sabado\" target=\"_blank\" rel=\"noreferrer noopener\">foi entregue no s\u00e1bado<\/a>&nbsp;(21) para uso pelas companhias a\u00e9reas.&nbsp;<\/p>\n","protected":false},"excerpt":{"rendered":"<p>O Brasil poder\u00e1 receber R$ 50 bilh\u00f5es de investimentos, nacionais e estrangeiros, nas \u00e1reas de infraestrutura em 2020. A estimativa \u00e9 do ministro da Infraestrutura,&hellip; <\/p>\n","protected":false},"author":1,"featured_media":120467,"comment_status":"closed","ping_status":"closed","sticky":false,"template":"","format":"standard","meta":{"sfsi_plus_gutenberg_text_before_share":"","sfsi_plus_gutenberg_show_text_before_share":"","sfsi_plus_gutenberg_icon_type":"","sfsi_plus_gutenberg_icon_alignemt":"","sfsi_plus_gutenburg_max_per_row":"","footnotes":""},"categories":[2],"tags":[],"class_list":["post-120465","post","type-post","status-publish","format-standard","has-post-thumbnail","hentry","category-geral"],"_links":{"self":[{"href":"https:\/\/www.caririemacao.com\/1\/wp-json\/wp\/v2\/posts\/120465","targetHints":{"allow":["GET"]}}],"collection":[{"href":"https:\/\/www.caririemacao.com\/1\/wp-json\/wp\/v2\/posts"}],"about":[{"href":"https:\/\/www.caririemacao.com\/1\/wp-json\/wp\/v2\/types\/post"}],"author":[{"embeddable":true,"href":"https:\/\/www.caririemacao.com\/1\/wp-json\/wp\/v2\/users\/1"}],"replies":[{"embeddable":true,"href":"https:\/\/www.caririemacao.com\/1\/wp-json\/wp\/v2\/comments?post=120465"}],"version-history":[{"count":1,"href":"https:\/\/www.caririemacao.com\/1\/wp-json\/wp\/v2\/posts\/120465\/revisions"}],"predecessor-version":[{"id":120468,"href":"https:\/\/www.caririemacao.com\/1\/wp-json\/wp\/v2\/posts\/120465\/revisions\/120468"}],"wp:featuredmedia":[{"embeddable":true,"href":"https:\/\/www.caririemacao.com\/1\/wp-json\/wp\/v2\/media\/120467"}],"wp:attachment":[{"href":"https:\/\/www.caririemacao.com\/1\/wp-json\/wp\/v2\/media?parent=120465"}],"wp:term":[{"taxonomy":"category","embeddable":true,"href":"https:\/\/www.caririemacao.com\/1\/wp-json\/wp\/v2\/categories?post=120465"},{"taxonomy":"post_tag","embeddable":true,"href":"https:\/\/www.caririemacao.com\/1\/wp-json\/wp\/v2\/tags?post=120465"}],"curies":[{"name":"wp","href":"https:\/\/api.w.org\/{rel}","templated":true}]}}