{"id":120483,"date":"2019-09-26T08:05:43","date_gmt":"2019-09-26T11:05:43","guid":{"rendered":"http:\/\/www.caririemacao.com\/1\/?p=120483"},"modified":"2019-09-26T08:05:44","modified_gmt":"2019-09-26T11:05:44","slug":"governador-nao-tenho-porque-me-preocupar-em-mudar-de-partido-agora","status":"publish","type":"post","link":"https:\/\/www.caririemacao.com\/1\/2019\/09\/26\/governador-nao-tenho-porque-me-preocupar-em-mudar-de-partido-agora\/","title":{"rendered":"Governador: \u201cN\u00e3o tenho porque me preocupar em mudar de partido agora\u201d"},"content":{"rendered":"\n<p>Ao falar sobre a recente conversa que manteve com alguns dirigentes de siglas partid\u00e1rias aliadas, o governador Jo\u00e3o Azevedo (PSB) negou que tenha aproveitado o momento para sondar os partidos para uma poss\u00edvel migra\u00e7\u00e3o.<\/p>\n\n\n\n<p>Segundo Jo\u00e3o, a reuni\u00e3o ocorreu para tratar de uma leitura da situa\u00e7\u00e3o pol\u00edtica da Para\u00edba.<\/p>\n\n\n\n<p>&nbsp;\u2013 Eu tenho foco na gest\u00e3o e n\u00e3o tenho porque me preocupar em mudar de partido agora. Se \u00e9 que isso v\u00e1 ocorrer, n\u00e3o h\u00e1 nenhuma indica\u00e7\u00e3o no momento \u2013 disse.<\/p>\n\n\n\n<p>Jo\u00e3o Azevedo ressaltou que ainda se faz necess\u00e1rio aguardar os pr\u00f3ximos acontecimentos, entre eles a resolu\u00e7\u00e3o dos problemas internos do PSB.<\/p>\n\n\n\n<p>Veja o v\u00eddeo na entrevista na TV Itarar\u00e9 abaixo.<\/p>\n\n\n\n<figure><iframe data-src=\"https:\/\/www.youtube.com\/embed\/g6zeKde6yXQ?version=3&amp;rel=1&amp;fs=1&amp;autohide=2&amp;showsearch=0&amp;showinfo=1&amp;iv_load_policy=1&amp;wmode=transparent\" allowfullscreen=\"true\" src=\"data:image\/svg+xml;base64,PHN2ZyB3aWR0aD0iMSIgaGVpZ2h0PSIxIiB4bWxucz0iaHR0cDovL3d3dy53My5vcmcvMjAwMC9zdmciPjwvc3ZnPg==\" class=\"lazyload\" data-load-mode=\"1\"><\/iframe><\/figure>\n","protected":false},"excerpt":{"rendered":"<p>Ao falar sobre a recente conversa que manteve com alguns dirigentes de siglas partid\u00e1rias aliadas, o governador Jo\u00e3o Azevedo (PSB) negou que tenha aproveitado o&hellip; <\/p>\n","protected":false},"author":1,"featured_media":108528,"comment_status":"closed","ping_status":"closed","sticky":false,"template":"","format":"standard","meta":{"sfsi_plus_gutenberg_text_before_share":"","sfsi_plus_gutenberg_show_text_before_share":"","sfsi_plus_gutenberg_icon_type":"","sfsi_plus_gutenberg_icon_alignemt":"","sfsi_plus_gutenburg_max_per_row":"","footnotes":""},"categories":[11],"tags":[],"class_list":["post-120483","post","type-post","status-publish","format-standard","has-post-thumbnail","hentry","category-politica"],"_links":{"self":[{"href":"https:\/\/www.caririemacao.com\/1\/wp-json\/wp\/v2\/posts\/120483","targetHints":{"allow":["GET"]}}],"collection":[{"href":"https:\/\/www.caririemacao.com\/1\/wp-json\/wp\/v2\/posts"}],"about":[{"href":"https:\/\/www.caririemacao.com\/1\/wp-json\/wp\/v2\/types\/post"}],"author":[{"embeddable":true,"href":"https:\/\/www.caririemacao.com\/1\/wp-json\/wp\/v2\/users\/1"}],"replies":[{"embeddable":true,"href":"https:\/\/www.caririemacao.com\/1\/wp-json\/wp\/v2\/comments?post=120483"}],"version-history":[{"count":1,"href":"https:\/\/www.caririemacao.com\/1\/wp-json\/wp\/v2\/posts\/120483\/revisions"}],"predecessor-version":[{"id":120485,"href":"https:\/\/www.caririemacao.com\/1\/wp-json\/wp\/v2\/posts\/120483\/revisions\/120485"}],"wp:featuredmedia":[{"embeddable":true,"href":"https:\/\/www.caririemacao.com\/1\/wp-json\/wp\/v2\/media\/108528"}],"wp:attachment":[{"href":"https:\/\/www.caririemacao.com\/1\/wp-json\/wp\/v2\/media?parent=120483"}],"wp:term":[{"taxonomy":"category","embeddable":true,"href":"https:\/\/www.caririemacao.com\/1\/wp-json\/wp\/v2\/categories?post=120483"},{"taxonomy":"post_tag","embeddable":true,"href":"https:\/\/www.caririemacao.com\/1\/wp-json\/wp\/v2\/tags?post=120483"}],"curies":[{"name":"wp","href":"https:\/\/api.w.org\/{rel}","templated":true}]}}