{"id":120515,"date":"2019-09-26T08:44:33","date_gmt":"2019-09-26T11:44:33","guid":{"rendered":"http:\/\/www.caririemacao.com\/1\/?p=120515"},"modified":"2019-09-26T08:44:33","modified_gmt":"2019-09-26T11:44:33","slug":"ex-presidente-frances-jacques-chirac-morre-aos-86-anos","status":"publish","type":"post","link":"https:\/\/www.caririemacao.com\/1\/2019\/09\/26\/ex-presidente-frances-jacques-chirac-morre-aos-86-anos\/","title":{"rendered":"Ex-presidente franc\u00eas Jacques Chirac morre aos 86 anos"},"content":{"rendered":"\n<p>O ex-presidente Jacques Chirac, que governo a Fran\u00e7a entre 1995 e 2007, morreu nesta quinta-feira (26) aos 86 anos. A Assembleia Nacional fez um minuto de sil\u00eancio em sua homenagem imediatamente ap\u00f3s o an\u00fancio da morte feito pelo genro do ex-presidente.<\/p>\n\n\n\n<p>&#8220;Ele morreu cercado por entes queridos. Pacificamente &#8220;, declarou Fr\u00e9d\u00e9ric Salat-Baroux, marido de Claude Chirac, sem especificar a causa da morte.<\/p>\n\n\n\n<p>Desde que sofreu um derrame, em setembro de 2005, quando ainda era presidente da Fran\u00e7a, os problemas de sa\u00fade de Jacques Chirac se sucederam. Ap\u00f3s deixar o Pal\u00e1cio do Eliseu, em maio de 2007, ele foi hospitalizado v\u00e1rias vezes.<\/p>\n\n\n\n<p>Em janeiro de 2014, sua mulher, Bernadette Chirac, estimou que o marido, que sofria de \u201cproblemas de mem\u00f3ria\u201d, n\u00e3o falaria mais em p\u00fablico.<\/p>\n\n\n\n<p>A \u00faltima vez que Chirac apareceu oficialmente em p\u00fablico foi em novembro de 2014, em um evento da funda\u00e7\u00e3o Chirac ao Servi\u00e7o da Paz, que ele fundou em 2008.&nbsp;<\/p>\n\n\n\n<p>Enfraquecido, apoiado por um seguran\u00e7a, ele foi muito aplaudido quando chegou \u00e0 cerim\u00f4nia.<\/p>\n\n\n\n<p><strong>Hist\u00f3ria<\/strong><\/p>\n\n\n\n<p>Jacques Chirac nasceu em Paris, em novembro de 1932. Ele cresceu na Corr\u00e8ze, na regi\u00e3o centro-oeste, mas se formou em Paris no prestigioso Instituto de Estudos Pol\u00edticos e na Escola Nacional de Administra\u00e7\u00e3o, de acordo com a R\u00e1dio Fran\u00e7a Internacional. Sua carreira pol\u00edtica come\u00e7ou no conselho municipal de Sainte-F\u00e9r\u00e9ole, em Corr\u00e8ze, em 1965.<\/p>\n\n\n\n<p>Ele rapidamente ocupou v\u00e1rios cargos importantes em minist\u00e9rios, foi eleito deputado, at\u00e9 ser nomeado primeiro-ministro de Val\u00e9ry Giscard d\u2019Estaing, em 1974.<\/p>\n\n\n\n<p>Em mar\u00e7o de 1977, Chirac \u00e9 eleito prefeito de Paris, cargo que conservou at\u00e9 sua primeira elei\u00e7\u00e3o presidencial em 1995. Ele substituiu o socialista Fran\u00e7ois Mitterrand na presid\u00eancia.<\/p>\n\n\n\n<p>Em 2002, ele foi reeleito para um segundo mandato, ap\u00f3s uma elei\u00e7\u00e3o que marcou a hist\u00f3ria recente francesa. Para surpresa geral, o presidente da Frente Nacional, Jean-Marie Le Pen, chegou ao segundo turno. Chirac concentrou, ent\u00e3o, o apoio dos opositores da direita radical e obteve 82,21% dos votos.<\/p>\n\n\n\n<p>Depois de Fran\u00e7ois Mitterrand, que ficou 14 anos no poder, ele vem em segundo como o chefe de Estado a ocupar por mais tempo o cargo, com 12 anos na fun\u00e7\u00e3o.<\/p>\n\n\n\n<p>Jacques Chirac se casou, em 1956, com Bernadette Chodron de Courcel, com quem teve duas filhas e adotou uma terceira. A morte de sua filha mais velha, Laurence, aos 58 anos, o abalou profundamente.<\/p>\n\n\n\n<p>Internacionalmente, Jacques Chirac entrou para a hist\u00f3ria como o presidente que ousou resistir aos Estados Unidos e n\u00e3o entrar na guerra no Iraque em 2003. Ela tamb\u00e9m foi o primeiro presidente da Rep\u00fablica a reconhecer a responsabilidade do Estado franc\u00eas na deporta\u00e7\u00e3o dos judeus durante a Segunda Guerra Mundial.<\/p>\n\n\n\n<p>A Fran\u00e7a da era Chirac foi um dos primeiros pa\u00edses desenvolvidos a apoiar a candidatura do Brasil a uma cadeira do Conselho de Seguran\u00e7a da ONU. Esse apoio, ali\u00e1s, foi ressaltado durante sua visita \u00e0 Bras\u00edlia, em maio de 2006, quando foi recebido pelo presidente Lula. Foi tamb\u00e9m durante seu \u00faltimo mandato que foi realizado, em 2005, o bem sucedido &#8220;Ano do Brasil na Fran\u00e7a&#8221;, que comemorou os la\u00e7os hist\u00f3ricos entre os dois pa\u00edses.<\/p>\n\n\n\n<p>Em rela\u00e7\u00e3o a Europa, a pol\u00edtica de Chirac \u00e9 mais contrastada. Sua indefini\u00e7\u00e3o \u00e9 apontada como respons\u00e1vel pelo n\u00e3o franc\u00eas ao referendo de 2005 sobre a Constitui\u00e7\u00e3o europeia. Mas o ex-presidente tamb\u00e9m defendeu a entrada de outros pa\u00edses, principalmente do leste europeu, no bloco.<\/p>\n\n\n\n<p>O ex-presidente tamb\u00e9m tem uma mancha em seu hist\u00f3rico pol\u00edtico. Chirac foi o primeiro chefe de Estado franc\u00eas a ter sido condenado pela Justi\u00e7a. Em 2011, depois que tinha perdido sua imunidade como presidente, ele foi condenado a dois anos de pris\u00e3o, com direito a sursis, por empregos-fantasmas quando era prefeito de Paris, entre 1977 e 1995. J\u00e1 sofrendo da doen\u00e7a degenerativa, ele obteve autoriza\u00e7\u00e3o para n\u00e3o comparecer ao tribunal.<\/p>\n","protected":false},"excerpt":{"rendered":"<p>O ex-presidente Jacques Chirac, que governo a Fran\u00e7a entre 1995 e 2007, morreu nesta quinta-feira (26) aos 86 anos. A Assembleia Nacional fez um minuto&hellip; <\/p>\n","protected":false},"author":1,"featured_media":120521,"comment_status":"closed","ping_status":"closed","sticky":false,"template":"","format":"standard","meta":{"sfsi_plus_gutenberg_text_before_share":"","sfsi_plus_gutenberg_show_text_before_share":"","sfsi_plus_gutenberg_icon_type":"","sfsi_plus_gutenberg_icon_alignemt":"","sfsi_plus_gutenburg_max_per_row":"","footnotes":""},"categories":[2],"tags":[],"class_list":["post-120515","post","type-post","status-publish","format-standard","has-post-thumbnail","hentry","category-geral"],"_links":{"self":[{"href":"https:\/\/www.caririemacao.com\/1\/wp-json\/wp\/v2\/posts\/120515","targetHints":{"allow":["GET"]}}],"collection":[{"href":"https:\/\/www.caririemacao.com\/1\/wp-json\/wp\/v2\/posts"}],"about":[{"href":"https:\/\/www.caririemacao.com\/1\/wp-json\/wp\/v2\/types\/post"}],"author":[{"embeddable":true,"href":"https:\/\/www.caririemacao.com\/1\/wp-json\/wp\/v2\/users\/1"}],"replies":[{"embeddable":true,"href":"https:\/\/www.caririemacao.com\/1\/wp-json\/wp\/v2\/comments?post=120515"}],"version-history":[{"count":1,"href":"https:\/\/www.caririemacao.com\/1\/wp-json\/wp\/v2\/posts\/120515\/revisions"}],"predecessor-version":[{"id":120522,"href":"https:\/\/www.caririemacao.com\/1\/wp-json\/wp\/v2\/posts\/120515\/revisions\/120522"}],"wp:featuredmedia":[{"embeddable":true,"href":"https:\/\/www.caririemacao.com\/1\/wp-json\/wp\/v2\/media\/120521"}],"wp:attachment":[{"href":"https:\/\/www.caririemacao.com\/1\/wp-json\/wp\/v2\/media?parent=120515"}],"wp:term":[{"taxonomy":"category","embeddable":true,"href":"https:\/\/www.caririemacao.com\/1\/wp-json\/wp\/v2\/categories?post=120515"},{"taxonomy":"post_tag","embeddable":true,"href":"https:\/\/www.caririemacao.com\/1\/wp-json\/wp\/v2\/tags?post=120515"}],"curies":[{"name":"wp","href":"https:\/\/api.w.org\/{rel}","templated":true}]}}