{"id":120518,"date":"2019-09-26T08:37:31","date_gmt":"2019-09-26T11:37:31","guid":{"rendered":"http:\/\/www.caririemacao.com\/1\/?p=120518"},"modified":"2019-09-26T08:37:31","modified_gmt":"2019-09-26T11:37:31","slug":"11o-batalhao-de-pm-comeca-a-usar-na-regiao-do-cariri-o-bafometro-que-detecta-pela-respiracao-se-motorista-consumiu-alcool","status":"publish","type":"post","link":"https:\/\/www.caririemacao.com\/1\/2019\/09\/26\/11o-batalhao-de-pm-comeca-a-usar-na-regiao-do-cariri-o-bafometro-que-detecta-pela-respiracao-se-motorista-consumiu-alcool\/","title":{"rendered":"11\u00ba Batalh\u00e3o de PM come\u00e7a a usar na regi\u00e3o do Cariri o baf\u00f4metro que detecta pela respira\u00e7\u00e3o se motorista consumiu \u00e1lcool"},"content":{"rendered":"\n<p>Policiais do 11\u00ba Batalh\u00e3o de Pol\u00edcia Militar da Para\u00edba come\u00e7aram a utilizar nesta semana um novo equipamento que vai auxiliar e dar agilidade na abordagem de motoristas com suspeita de consumo de \u00e1lcool.<\/p>\n\n\n\n<p>O equipamento j\u00e1 foi utilizado em uma opera\u00e7\u00e3o blitz realizada na PB 196, KM 44, sentido a cidade de  Cara\u00fabas-PB, onde foram abordados dois indiv\u00edduos em uma motocicleta placa PFK 0410, sendo realizada a aferi\u00e7\u00e3o atrav\u00e9s do etil\u00f4metro Alcolizer LE5, onde foi constatada a embriaguez do condutor da motocicleta: Almyr Darllan da Silva Amorin (18 anos) em n\u00edvel de 0.40 mg\/l, assim, efetuando o Auto de Infra\u00e7\u00e3o de Tr\u00e2nsito, bem como a condu\u00e7\u00e3o do mesmo para a Delegacia de Pol\u00edcia Civil pelo crime.<\/p>\n\n\n\n<p>Vale salientar que o novo equipamento \u00e9 o primeiro nessa categoria a ser usado pela Pol\u00edcia Militar da Para\u00edba, chamado de baf\u00f4metro passivo, porque ao contr\u00e1rio do etil\u00f4metro tradicional n\u00e3o h\u00e1 necessidade de ser assoprado. Seu nome t\u00e9cnico \u00e9 Alcolizer e basta aproxim\u00e1-lo poucos cent\u00edmetros para detectar no ar, pela respira\u00e7\u00e3o, se a pessoa est\u00e1 sob efeito de \u00e1lcool ou n\u00e3o.  <\/p>\n\n\n\n<p>O novo baf\u00f4metro \u00e9 considerado mais preciso, nesse sentido, e evita abordagens desnecess\u00e1rias, sendo o mesmo modelo utilizado pela Pol\u00edcia Rodovi\u00e1ria Federal, al\u00e9m dessa inova\u00e7\u00e3o o baf\u00f4metro tamb\u00e9m tem a op\u00e7\u00e3o de se fazer a aferi\u00e7\u00e3o da forma tradicional \u201cAssoprando&#8221;.<\/p>\n","protected":false},"excerpt":{"rendered":"<p>Policiais do 11\u00ba Batalh\u00e3o de Pol\u00edcia Militar da Para\u00edba come\u00e7aram a utilizar nesta semana um novo equipamento que vai auxiliar e dar agilidade na abordagem&hellip; <\/p>\n","protected":false},"author":1,"featured_media":120519,"comment_status":"closed","ping_status":"closed","sticky":false,"template":"","format":"standard","meta":{"sfsi_plus_gutenberg_text_before_share":"","sfsi_plus_gutenberg_show_text_before_share":"","sfsi_plus_gutenberg_icon_type":"","sfsi_plus_gutenberg_icon_alignemt":"","sfsi_plus_gutenburg_max_per_row":"","footnotes":""},"categories":[50,2],"tags":[],"class_list":["post-120518","post","type-post","status-publish","format-standard","has-post-thumbnail","hentry","category-destaque","category-geral"],"_links":{"self":[{"href":"https:\/\/www.caririemacao.com\/1\/wp-json\/wp\/v2\/posts\/120518","targetHints":{"allow":["GET"]}}],"collection":[{"href":"https:\/\/www.caririemacao.com\/1\/wp-json\/wp\/v2\/posts"}],"about":[{"href":"https:\/\/www.caririemacao.com\/1\/wp-json\/wp\/v2\/types\/post"}],"author":[{"embeddable":true,"href":"https:\/\/www.caririemacao.com\/1\/wp-json\/wp\/v2\/users\/1"}],"replies":[{"embeddable":true,"href":"https:\/\/www.caririemacao.com\/1\/wp-json\/wp\/v2\/comments?post=120518"}],"version-history":[{"count":1,"href":"https:\/\/www.caririemacao.com\/1\/wp-json\/wp\/v2\/posts\/120518\/revisions"}],"predecessor-version":[{"id":120520,"href":"https:\/\/www.caririemacao.com\/1\/wp-json\/wp\/v2\/posts\/120518\/revisions\/120520"}],"wp:featuredmedia":[{"embeddable":true,"href":"https:\/\/www.caririemacao.com\/1\/wp-json\/wp\/v2\/media\/120519"}],"wp:attachment":[{"href":"https:\/\/www.caririemacao.com\/1\/wp-json\/wp\/v2\/media?parent=120518"}],"wp:term":[{"taxonomy":"category","embeddable":true,"href":"https:\/\/www.caririemacao.com\/1\/wp-json\/wp\/v2\/categories?post=120518"},{"taxonomy":"post_tag","embeddable":true,"href":"https:\/\/www.caririemacao.com\/1\/wp-json\/wp\/v2\/tags?post=120518"}],"curies":[{"name":"wp","href":"https:\/\/api.w.org\/{rel}","templated":true}]}}