{"id":120527,"date":"2019-09-26T08:47:51","date_gmt":"2019-09-26T11:47:51","guid":{"rendered":"http:\/\/www.caririemacao.com\/1\/?p=120527"},"modified":"2019-09-26T08:47:51","modified_gmt":"2019-09-26T11:47:51","slug":"confianca-da-industria-fica-estavel-em-setembro","status":"publish","type":"post","link":"https:\/\/www.caririemacao.com\/1\/2019\/09\/26\/confianca-da-industria-fica-estavel-em-setembro\/","title":{"rendered":"Confian\u00e7a da Ind\u00fastria fica est\u00e1vel em setembro"},"content":{"rendered":"\n<p>O \u00cdndice de Confian\u00e7a da Ind\u00fastria (ICI), medido pela Funda\u00e7\u00e3o Getulio Vargas (FGV), ficou est\u00e1vel na passagem de agosto para setembro deste ano, mantendo-se em 95,6 pontos, em uma escala de zero a 200 pontos. De julho para agosto, a confian\u00e7a cresceu 0,8%.<\/p>\n\n\n\n<p>A confian\u00e7a recuou em dez dos 19 segmentos industriais pesquisados em agosto. O \u00cdndice de Situa\u00e7\u00e3o Atual, que mede a confian\u00e7a dos empres\u00e1rios da ind\u00fastria no momento presente, cresceu 0,3 ponto, passando para 95,9 pontos. A alta foi puxada por uma avalia\u00e7\u00e3o melhor sobre a situa\u00e7\u00e3o atual dos neg\u00f3cios.<\/p>\n\n\n\n<p>J\u00e1 o \u00cdndice de Expectativas, que mede a percep\u00e7\u00e3o dos empres\u00e1rios em rela\u00e7\u00e3o aos pr\u00f3ximos meses, diminuiu 0,5 ponto e passou para 95,2 pontos. A queda foi puxada principalmente pela avalia\u00e7\u00e3o sobre a produ\u00e7\u00e3o prevista, que recuou 1,5 pontos.<\/p>\n\n\n\n<p>O N\u00edvel de Utiliza\u00e7\u00e3o da Capacidade Instalada caiu 0,3 ponto percentual e&nbsp; chegou a 75,5%, o mesmo n\u00edvel observado em julho.<\/p>\n","protected":false},"excerpt":{"rendered":"<p>O \u00cdndice de Confian\u00e7a da Ind\u00fastria (ICI), medido pela Funda\u00e7\u00e3o Getulio Vargas (FGV), ficou est\u00e1vel na passagem de agosto para setembro deste ano, mantendo-se em&hellip; <\/p>\n","protected":false},"author":1,"featured_media":120529,"comment_status":"closed","ping_status":"closed","sticky":false,"template":"","format":"standard","meta":{"sfsi_plus_gutenberg_text_before_share":"","sfsi_plus_gutenberg_show_text_before_share":"","sfsi_plus_gutenberg_icon_type":"","sfsi_plus_gutenberg_icon_alignemt":"","sfsi_plus_gutenburg_max_per_row":"","footnotes":""},"categories":[2],"tags":[],"class_list":["post-120527","post","type-post","status-publish","format-standard","has-post-thumbnail","hentry","category-geral"],"_links":{"self":[{"href":"https:\/\/www.caririemacao.com\/1\/wp-json\/wp\/v2\/posts\/120527","targetHints":{"allow":["GET"]}}],"collection":[{"href":"https:\/\/www.caririemacao.com\/1\/wp-json\/wp\/v2\/posts"}],"about":[{"href":"https:\/\/www.caririemacao.com\/1\/wp-json\/wp\/v2\/types\/post"}],"author":[{"embeddable":true,"href":"https:\/\/www.caririemacao.com\/1\/wp-json\/wp\/v2\/users\/1"}],"replies":[{"embeddable":true,"href":"https:\/\/www.caririemacao.com\/1\/wp-json\/wp\/v2\/comments?post=120527"}],"version-history":[{"count":1,"href":"https:\/\/www.caririemacao.com\/1\/wp-json\/wp\/v2\/posts\/120527\/revisions"}],"predecessor-version":[{"id":120530,"href":"https:\/\/www.caririemacao.com\/1\/wp-json\/wp\/v2\/posts\/120527\/revisions\/120530"}],"wp:featuredmedia":[{"embeddable":true,"href":"https:\/\/www.caririemacao.com\/1\/wp-json\/wp\/v2\/media\/120529"}],"wp:attachment":[{"href":"https:\/\/www.caririemacao.com\/1\/wp-json\/wp\/v2\/media?parent=120527"}],"wp:term":[{"taxonomy":"category","embeddable":true,"href":"https:\/\/www.caririemacao.com\/1\/wp-json\/wp\/v2\/categories?post=120527"},{"taxonomy":"post_tag","embeddable":true,"href":"https:\/\/www.caririemacao.com\/1\/wp-json\/wp\/v2\/tags?post=120527"}],"curies":[{"name":"wp","href":"https:\/\/api.w.org\/{rel}","templated":true}]}}