{"id":120571,"date":"2019-09-26T09:39:32","date_gmt":"2019-09-26T12:39:32","guid":{"rendered":"http:\/\/www.caririemacao.com\/1\/?p=120571"},"modified":"2019-09-26T09:39:32","modified_gmt":"2019-09-26T12:39:32","slug":"bolsonaro-pretende-manter-lider-do-governo-que-foi-alvo-de-operacao-da-pf","status":"publish","type":"post","link":"https:\/\/www.caririemacao.com\/1\/2019\/09\/26\/bolsonaro-pretende-manter-lider-do-governo-que-foi-alvo-de-operacao-da-pf\/","title":{"rendered":"Bolsonaro pretende manter l\u00edder do governo que foi alvo de opera\u00e7\u00e3o da PF"},"content":{"rendered":"\n<p>O porta-voz da Presid\u00eancia da Rep\u00fablica, Ot\u00e1vio R\u00eago Barros, afirmou nesta quarta-feira (25) que o presidente Jair Bolsonaro (PSL) n\u00e3o pretende tirar Fernando Bezerra Coelho (MDB-PE) da lideran\u00e7a do governo no Senado.<\/p>\n\n\n\n<p>Bezerra Coelho e seu filho, o deputado federal Fernando Coelho Filho (DEM-PE), foram alguns dos alvos de mandados de busca e apreens\u00e3o autorizados pelo ministro Luis Roberto Barroso, do STF (Supremo Tribunal Federal). Ao todo, a Pol\u00edcia Federal cumpriu 52 mandados na quinta-feira (19).<br><\/p>\n\n\n\n<p>Questionado sobre a situa\u00e7\u00e3o de Bezerra Coelho, R\u00eago Barros disse que Bolsonaro j\u00e1 se manifestou sobre o assunto em uma entrevista publicada pelo jornal Correio Braziliense.<\/p>\n\n\n\n<p>&#8220;Sobre esse assunto, em recente entrevista, o presidente disse: &#8216;\u00e9 preciso de algo mais concreto. N\u00e3o posso tir\u00e1-lo de l\u00e1 com uma busca e apreens\u00e3o de um processo antigo e que n\u00f3s j\u00e1 sab\u00edamos que existia'&#8221;, afirmou o porta-voz.<\/p>\n\n\n\n<p>Na entrevista, Bolsonaro tamb\u00e9m disse que Bezerra Coelho &#8220;tem todo o direito de se defender&#8221;. &#8220;[Ele] tem feito, at\u00e9 o presente momento, um brilhante trabalho para n\u00f3s, dentro do Senado. \u00c9 uma fun\u00e7\u00e3o ingrata, dif\u00edcil, d\u00e1 trabalho conversar com parlamentares dos mais diferentes matizes&#8221;, disse o presidente na entrevista.<\/p>\n\n\n\n<p>Parlamentar experiente, Bezerra chegou a ser ministro da Integra\u00e7\u00e3o Nacional da ex-presidente Dilma Rousseff (PT).<\/p>\n\n\n\n<p>O senador nega ter cometido irregularidades e colocou a lideran\u00e7a do governo no Senado \u00e0 disposi\u00e7\u00e3o do presidente da Rep\u00fablica, que sinalizou sua manuten\u00e7\u00e3o no cargo.<\/p>\n\n\n\n<p>Ao blindar Bezerra, Bolsonaro preserva seu principal articulador pol\u00edtico no Senado, onde est\u00e1 tramitando atualmente a reforma da Previd\u00eancia -principal pauta da agenda econ\u00f4mica do governo.<\/p>\n\n\n\n<p>O inqu\u00e9rito apura desvio de dinheiro p\u00fablico de obras na regi\u00e3o Nordeste, envolvendo os parlamentares e quatro empresas, entre elas a OAS. A opera\u00e7\u00e3o foi batizada como Desintegra\u00e7\u00e3o.<\/p>\n\n\n\n<p>A Pol\u00edcia Federal sustenta que o l\u00edder do governo recebeu R$ 5,5 milh\u00f5es em propinas de empreiteiras encarregadas das obras de transposi\u00e7\u00e3o do rio S\u00e3o Francisco e nas do Canal do Sert\u00e3o. Os fatos investigados no \u00e2mbito da opera\u00e7\u00e3o da semana passada s\u00e3o do per\u00edodo em que o senador, ent\u00e3o no PSB, fazia parte da equipe ministerial da petista.<\/p>\n\n\n\n<p>A Pol\u00edcia Federal afirma tamb\u00e9m ter encontrado no gabinete de Bezerra Coelho um arquivo denominado &#8220;doadores ocultos&#8221; em um computador e em um disco de mem\u00f3ria. Segundo informa\u00e7\u00f5es que est\u00e3o no relat\u00f3rio da PF, h\u00e1 tamb\u00e9m documentos digitais que fazem refer\u00eancia a pagamentos destinados a empresas envolvidas na opera\u00e7\u00e3o Desintegra\u00e7\u00e3o.<\/p>\n\n\n\n<p>A opera\u00e7\u00e3o da PF irritou parlamentares. A Mesa do Senado entrou com um pedido no Supremo para que a an\u00e1lise dos objetos e documentos recolhidos seja suspensa imediatamente.<\/p>\n\n\n\n<p>No dia da opera\u00e7\u00e3o, Bezerra Coelho entregou \u00e0 Pol\u00edcia Federal a senha do seu celular. Segundo relatos, o pol\u00edtico desbloqueou o telefone de maneira impensada, pouco tempo antes de seus advogados chegarem ao local, em sua resid\u00eancia oficial em Bras\u00edlia.<\/p>\n\n\n\n<p>No aparelho, h\u00e1 conversas com outros parlamentares, como, por exemplo, o deputado federal Eduardo Bolsonaro (PSL-SP), filho do presidente Jair Bolsonaro. Todo o material apreendido na a\u00e7\u00e3o policial passa agora por per\u00edcia, sem prazo para terminar.<br>O senador n\u00e3o \u00e9 o \u00fanico aliado citado em investiga\u00e7\u00f5es que Bolsonaro decidiu manter em sua equipe.<\/p>\n\n\n\n<p>A Pol\u00edcia Federal v\u00ea, por exemplo, elementos de participa\u00e7\u00e3o do ministro Marcelo \u00c1lvaro Ant\u00f4nio (Turismo) numa fraude de candidaturas de laranjas do PSL na elei\u00e7\u00e3o de 2018. O esquema de candidaturas de laranjas foi revelado pelo jornal Folha de S.Paulo. No entanto, Bolsonaro tem mantido o ministro no cargo.<\/p>\n","protected":false},"excerpt":{"rendered":"<p>O porta-voz da Presid\u00eancia da Rep\u00fablica, Ot\u00e1vio R\u00eago Barros, afirmou nesta quarta-feira (25) que o presidente Jair Bolsonaro (PSL) n\u00e3o pretende tirar Fernando Bezerra Coelho&hellip; <\/p>\n","protected":false},"author":1,"featured_media":111985,"comment_status":"closed","ping_status":"closed","sticky":false,"template":"","format":"standard","meta":{"sfsi_plus_gutenberg_text_before_share":"","sfsi_plus_gutenberg_show_text_before_share":"","sfsi_plus_gutenberg_icon_type":"","sfsi_plus_gutenberg_icon_alignemt":"","sfsi_plus_gutenburg_max_per_row":"","footnotes":""},"categories":[11],"tags":[],"class_list":["post-120571","post","type-post","status-publish","format-standard","has-post-thumbnail","hentry","category-politica"],"_links":{"self":[{"href":"https:\/\/www.caririemacao.com\/1\/wp-json\/wp\/v2\/posts\/120571","targetHints":{"allow":["GET"]}}],"collection":[{"href":"https:\/\/www.caririemacao.com\/1\/wp-json\/wp\/v2\/posts"}],"about":[{"href":"https:\/\/www.caririemacao.com\/1\/wp-json\/wp\/v2\/types\/post"}],"author":[{"embeddable":true,"href":"https:\/\/www.caririemacao.com\/1\/wp-json\/wp\/v2\/users\/1"}],"replies":[{"embeddable":true,"href":"https:\/\/www.caririemacao.com\/1\/wp-json\/wp\/v2\/comments?post=120571"}],"version-history":[{"count":1,"href":"https:\/\/www.caririemacao.com\/1\/wp-json\/wp\/v2\/posts\/120571\/revisions"}],"predecessor-version":[{"id":120574,"href":"https:\/\/www.caririemacao.com\/1\/wp-json\/wp\/v2\/posts\/120571\/revisions\/120574"}],"wp:featuredmedia":[{"embeddable":true,"href":"https:\/\/www.caririemacao.com\/1\/wp-json\/wp\/v2\/media\/111985"}],"wp:attachment":[{"href":"https:\/\/www.caririemacao.com\/1\/wp-json\/wp\/v2\/media?parent=120571"}],"wp:term":[{"taxonomy":"category","embeddable":true,"href":"https:\/\/www.caririemacao.com\/1\/wp-json\/wp\/v2\/categories?post=120571"},{"taxonomy":"post_tag","embeddable":true,"href":"https:\/\/www.caririemacao.com\/1\/wp-json\/wp\/v2\/tags?post=120571"}],"curies":[{"name":"wp","href":"https:\/\/api.w.org\/{rel}","templated":true}]}}